{"id":900,"date":"2026-06-17T16:27:59","date_gmt":"2026-06-17T14:27:59","guid":{"rendered":"https:\/\/www.vinhoselection.com\/blog\/?p=900"},"modified":"2026-06-17T16:27:59","modified_gmt":"2026-06-17T14:27:59","slug":"vallee-du-douro-berceau-historique-des-grands-vins-portugais","status":"publish","type":"post","link":"https:\/\/www.vinhoselection.com\/blog\/2026\/06\/17\/vallee-du-douro-berceau-historique-des-grands-vins-portugais\/","title":{"rendered":"Vall\u00e9e du Douro, berceau historique des grands vins portugais"},"content":{"rendered":"\n<p><strong>Il est des paysages qui semblent fa\u00e7onn\u00e9s par le vin lui-m\u00eame. La vall\u00e9e du Douro, au nord du <a href=\"https:\/\/www.vinhoselection.com\/blog\/2025\/07\/15\/evasion-sensorielle-sous-le-soleil-du-portugal\/\">Portugal<\/a>, en est l\u2019exemple le plus spectaculaire. Ici, les vignes sculptent les pentes abruptes en terrasses vertigineuses, d\u00e9fiant les lois de la gravit\u00e9 autant que celles de l\u2019agriculture classique. Class\u00e9e au patrimoine mondial de l\u2019UNESCO, cette r\u00e9gion n\u2019est pas seulement un d\u00e9cor : c\u2019est un berceau, une m\u00e9moire vivante du vin portugais, et l\u2019un des terroirs les plus fascinants d\u2019Europe.<\/strong><\/p>\n\n\n\n<h2 class=\"wp-block-heading\"><strong>Un terroir unique fa\u00e7onn\u00e9 par le fleuve et le schiste<\/strong><\/h2>\n\n\n\n<p>Tout commence avec le fleuve Douro, qui serpente depuis l\u2019Espagne jusqu\u2019\u00e0 Porto. Il est l\u2019\u00e9pine dorsale de la r\u00e9gion, apportant fra\u00eecheur et vie dans un environnement souvent rude. Car ici, les conditions sont extr\u00eames : \u00e9t\u00e9s br\u00fblants, hivers rigoureux, sols de schiste qui retiennent la chaleur et obligent les racines \u00e0 plonger profond\u00e9ment pour trouver l\u2019eau.<\/p>\n\n\n\n<p>Ce stress hydrique, loin d\u2019\u00eatre un handicap, est une b\u00e9n\u00e9diction pour la vigne. Il concentre les ar\u00f4mes, forge le caract\u00e8re et donne naissance \u00e0 des vins d\u2019une intensit\u00e9 remarquable, reconnus pour leur profondeur et leur capacit\u00e9 de garde.<\/p>\n\n\n\n<h2 class=\"wp-block-heading\"><strong>Histoire du vignoble du Douro : des origines du Porto \u00e0 aujourd\u2019hui<\/strong><\/h2>\n\n\n\n<p>Historiquement, le Douro est indissociable du vin de Porto. D\u00e8s le XVIIe si\u00e8cle, les marchands britanniques s\u2019y int\u00e9ressent, s\u00e9duits par ces vins mut\u00e9s capables de voyager sans s\u2019alt\u00e9rer. Le vignoble est m\u00eame l\u2019un des premiers au monde \u00e0 \u00eatre d\u00e9limit\u00e9 officiellement en 1756, sous l\u2019impulsion du marquis de Pombal.<\/p>\n\n\n\n<p>Mais r\u00e9duire le Douro au seul Porto serait aujourd\u2019hui une erreur. Depuis les ann\u00e9es 1990, une v\u00e9ritable r\u00e9volution s\u2019y op\u00e8re : les vins tranquilles \u2013 rouges et blancs \u2013 ont conquis leurs lettres de noblesse. Port\u00e9s par une nouvelle g\u00e9n\u00e9ration de vignerons, ils r\u00e9v\u00e8lent une autre facette de la r\u00e9gion, plus contemporaine, mais tout aussi enracin\u00e9e.<\/p>\n\n\n\n<figure class=\"wp-block-image size-large\"><img loading=\"lazy\" decoding=\"async\" width=\"1024\" height=\"577\" src=\"https:\/\/www.vinhoselection.com\/blog\/wp-content\/uploads\/2026\/03\/Douro-vignoble-2-1024x577.jpg\" alt=\"\" class=\"wp-image-901\" srcset=\"https:\/\/www.vinhoselection.com\/blog\/wp-content\/uploads\/2026\/03\/Douro-vignoble-2-1024x577.jpg 1024w, https:\/\/www.vinhoselection.com\/blog\/wp-content\/uploads\/2026\/03\/Douro-vignoble-2-300x169.jpg 300w, https:\/\/www.vinhoselection.com\/blog\/wp-content\/uploads\/2026\/03\/Douro-vignoble-2-768x433.jpg 768w, https:\/\/www.vinhoselection.com\/blog\/wp-content\/uploads\/2026\/03\/Douro-vignoble-2-1536x865.jpg 1536w, https:\/\/www.vinhoselection.com\/blog\/wp-content\/uploads\/2026\/03\/Douro-vignoble-2.jpg 1640w\" sizes=\"(max-width: 1024px) 100vw, 1024px\" \/><\/figure>\n\n\n\n<h2 class=\"wp-block-heading\"><strong>Les c\u00e9pages embl\u00e9matiques<\/strong><\/h2>\n\n\n\n<p>Les c\u00e9pages autochtones sont l\u2019un des tr\u00e9sors du Douro. Touriga Nacional, Touriga Franca, Tinta Roriz (\u00e9quivalent du Tempranillo), Tinta Barroca\u2026 autant de vari\u00e9t\u00e9s qui composent des assemblages complexes, riches et \u00e9l\u00e9gants.<\/p>\n\n\n\n<p>Les vins rouges du Douro impressionnent par leur structure, leur profondeur et leurs ar\u00f4mes de fruits noirs, d\u2019\u00e9pices et de violette. Ils allient puissance et finesse avec une pr\u00e9cision de plus en plus remarquable.<\/p>\n\n\n\n<p>Les vins blancs, longtemps rest\u00e9s dans l\u2019ombre, m\u00e9ritent \u00e9galement toute l\u2019attention. \u00c0 base de c\u00e9pages comme le Rabigato, le Viosinho ou le Gouveio, ils offrent une fra\u00eecheur inattendue, avec des profils tendus, min\u00e9raux, parfois l\u00e9g\u00e8rement salins.<\/p>\n\n\n\n<figure class=\"wp-block-image size-large\"><img loading=\"lazy\" decoding=\"async\" width=\"1024\" height=\"577\" src=\"https:\/\/www.vinhoselection.com\/blog\/wp-content\/uploads\/2026\/03\/Douro-vignoble-3-1024x577.jpg\" alt=\"\" class=\"wp-image-902\" srcset=\"https:\/\/www.vinhoselection.com\/blog\/wp-content\/uploads\/2026\/03\/Douro-vignoble-3-1024x577.jpg 1024w, https:\/\/www.vinhoselection.com\/blog\/wp-content\/uploads\/2026\/03\/Douro-vignoble-3-300x169.jpg 300w, https:\/\/www.vinhoselection.com\/blog\/wp-content\/uploads\/2026\/03\/Douro-vignoble-3-768x433.jpg 768w, https:\/\/www.vinhoselection.com\/blog\/wp-content\/uploads\/2026\/03\/Douro-vignoble-3-1536x865.jpg 1536w, https:\/\/www.vinhoselection.com\/blog\/wp-content\/uploads\/2026\/03\/Douro-vignoble-3.jpg 1640w\" sizes=\"(max-width: 1024px) 100vw, 1024px\" \/><\/figure>\n\n\n\n<h2 class=\"wp-block-heading\"><strong>Baixo Corgo, Cima Corgo et Douro Superior, des personnalit\u00e9s singuli\u00e8res<\/strong><\/h2>\n\n\n\n<p>Le vignoble du Douro se divise en trois grandes sous-r\u00e9gions. Le Baixo Corgo, plus humide, donne des vins g\u00e9n\u00e9ralement plus l\u00e9gers et accessibles. Le Cima Corgo, c\u0153ur historique de la production, concentre certaines des quintas les plus prestigieuses et produit des vins d\u2019une grande complexit\u00e9.<\/p>\n\n\n\n<p>Plus \u00e0 l\u2019est, le Douro Superior, plus sauvage et aride, s\u2019impose aujourd\u2019hui comme une zone d\u2019avenir. Les vins y sont puissants, solaires, souvent issus de projets ambitieux port\u00e9s par une nouvelle g\u00e9n\u00e9ration de vignerons.<\/p>\n\n\n\n<h2 class=\"wp-block-heading\"><strong>Quintas du Douro : entre tradition viticole et innovation<\/strong><\/h2>\n\n\n\n<p>Impossible d\u2019\u00e9voquer le Douro sans parler de ses quintas, ces domaines viticoles embl\u00e9matiques souvent accroch\u00e9s \u00e0 flanc de colline. Certaines sont centenaires et perp\u00e9tuent des m\u00e9thodes traditionnelles comme le foulage au pied dans les lagares, ces cuves en pierre typiques. Cette pratique ancestrale cohabite d\u00e9sormais avec des technologies de pointe, illustrant parfaitement l\u2019\u00e9quilibre entre tradition et modernit\u00e9 qui caract\u00e9rise la r\u00e9gion.<\/p>\n\n\n\n<p>Aujourd\u2019hui, le Douro s\u00e9duit autant les amateurs \u00e9clair\u00e9s que les n\u00e9ophytes curieux. Ses vins racontent une histoire, celle d\u2019un territoire exigeant, d\u2019un savoir-faire transmis de g\u00e9n\u00e9ration en g\u00e9n\u00e9ration, et d\u2019une capacit\u00e9 d\u2019adaptation remarquable face aux d\u00e9fis contemporains, notamment climatiques.<\/p>\n\n\n\n<p>Plus qu\u2019une r\u00e9gion viticole, le Douro est une exp\u00e9rience. Celle d\u2019un paysage \u00e0 couper le souffle, d\u2019une culture profond\u00e9ment ancr\u00e9e, et de vins qui ne laissent jamais indiff\u00e9rent. Des flacons qui portent en eux la chaleur du soleil, la rudesse de la pierre et la fra\u00eecheur du fleuve. En somme, l\u2019\u00e2me du Portugal, captur\u00e9e dans chaque verre.<\/p>\n\n\n\n<p class=\"has-text-align-center\"><strong><a href=\"https:\/\/www.vinhoselection.com\/vins\/?region=Douro&amp;appellation=&amp;domaine=&amp;cepage=&amp;order=\">D\u00e9couvrez nos vins venus du Douro<\/a><\/strong><\/p>\n\n\n\n<figure class=\"wp-block-image size-large\"><img loading=\"lazy\" decoding=\"async\" width=\"1024\" height=\"577\" src=\"https:\/\/www.vinhoselection.com\/blog\/wp-content\/uploads\/2026\/03\/Douro-vignoble-4-1024x577.jpg\" alt=\"\" class=\"wp-image-903\" srcset=\"https:\/\/www.vinhoselection.com\/blog\/wp-content\/uploads\/2026\/03\/Douro-vignoble-4-1024x577.jpg 1024w, https:\/\/www.vinhoselection.com\/blog\/wp-content\/uploads\/2026\/03\/Douro-vignoble-4-300x169.jpg 300w, https:\/\/www.vinhoselection.com\/blog\/wp-content\/uploads\/2026\/03\/Douro-vignoble-4-768x433.jpg 768w, https:\/\/www.vinhoselection.com\/blog\/wp-content\/uploads\/2026\/03\/Douro-vignoble-4-1536x865.jpg 1536w, https:\/\/www.vinhoselection.com\/blog\/wp-content\/uploads\/2026\/03\/Douro-vignoble-4.jpg 1640w\" sizes=\"(max-width: 1024px) 100vw, 1024px\" \/><\/figure>\n","protected":false},"excerpt":{"rendered":"<p>Il est des paysages qui semblent fa\u00e7onn\u00e9s par le vin lui-m\u00eame. La vall\u00e9e du Douro, au nord du Portugal, en est l\u2019exemple le plus spectaculaire. Ici, les vignes sculptent les pentes abruptes en terrasses vertigineuses, d\u00e9fiant les lois de la gravit\u00e9 autant que celles de l\u2019agriculture classique. Class\u00e9e au patrimoine mondial de l\u2019UNESCO, cette r\u00e9gion [&hellip;]<\/p>\n","protected":false},"author":1,"featured_media":904,"comment_status":"open","ping_status":"open","sticky":false,"template":"","format":"standard","meta":{"footnotes":""},"categories":[6],"tags":[167,179,70,71],"yoast_head":"<!-- This site is optimized with the Yoast SEO plugin v19.12 - https:\/\/yoast.com\/wordpress\/plugins\/seo\/ -->\n<title>Vall\u00e9e du Douro, berceau historique des grands vins portugais - Vinho S\u00e9lection - Le Blog<\/title>\n<meta name=\"description\" content=\"D\u00e9couvrez la vall\u00e9e du Douro, berceau des vins portugais, entre terrasses historiques, terroirs uniques et vins rouges et blancs d\u2019exception.\" \/>\n<meta name=\"robots\" content=\"index, follow, max-snippet:-1, max-image-preview:large, max-video-preview:-1\" \/>\n<link rel=\"canonical\" href=\"https:\/\/www.vinhoselection.com\/blog\/2026\/06\/17\/vallee-du-douro-berceau-historique-des-grands-vins-portugais\/\" \/>\n<meta property=\"og:locale\" content=\"fr_FR\" \/>\n<meta property=\"og:type\" content=\"article\" \/>\n<meta property=\"og:title\" content=\"Vall\u00e9e du Douro, berceau historique des grands vins portugais - Vinho S\u00e9lection - Le Blog\" \/>\n<meta property=\"og:description\" content=\"D\u00e9couvrez la vall\u00e9e du Douro, berceau des vins portugais, entre terrasses historiques, terroirs uniques et vins rouges et blancs d\u2019exception.\" \/>\n<meta property=\"og:url\" content=\"https:\/\/www.vinhoselection.com\/blog\/2026\/06\/17\/vallee-du-douro-berceau-historique-des-grands-vins-portugais\/\" \/>\n<meta property=\"og:site_name\" content=\"Vinho S\u00e9lection - Le Blog\" \/>\n<meta property=\"article:published_time\" content=\"2026-06-17T14:27:59+00:00\" \/>\n<meta property=\"og:image\" content=\"https:\/\/www.vinhoselection.com\/blog\/wp-content\/uploads\/2026\/03\/Douro-vignoble.jpg\" \/>\n\t<meta property=\"og:image:width\" content=\"1640\" \/>\n\t<meta property=\"og:image:height\" content=\"924\" \/>\n\t<meta property=\"og:image:type\" content=\"image\/jpeg\" \/>\n<meta name=\"author\" content=\"Vinho S\u00e9lection\" \/>\n<meta name=\"twitter:card\" content=\"summary_large_image\" \/>\n<meta name=\"twitter:label1\" content=\"\u00c9crit par\" \/>\n\t<meta name=\"twitter:data1\" content=\"Vinho S\u00e9lection\" \/>\n\t<meta name=\"twitter:label2\" content=\"Dur\u00e9e de lecture estim\u00e9e\" \/>\n\t<meta name=\"twitter:data2\" content=\"4 minutes\" \/>\n<script type=\"application\/ld+json\" class=\"yoast-schema-graph\">{\"@context\":\"https:\/\/schema.org\",\"@graph\":[{\"@type\":\"Article\",\"@id\":\"https:\/\/www.vinhoselection.com\/blog\/2026\/06\/17\/vallee-du-douro-berceau-historique-des-grands-vins-portugais\/#article\",\"isPartOf\":{\"@id\":\"https:\/\/www.vinhoselection.com\/blog\/2026\/06\/17\/vallee-du-douro-berceau-historique-des-grands-vins-portugais\/\"},\"author\":{\"name\":\"Vinho S\u00e9lection\",\"@id\":\"https:\/\/www.vinhoselection.com\/blog\/#\/schema\/person\/005afe6cfad81e36a1b0f78a3e295f2d\"},\"headline\":\"Vall\u00e9e du Douro, berceau historique des grands vins portugais\",\"datePublished\":\"2026-06-17T14:27:59+00:00\",\"dateModified\":\"2026-06-17T14:27:59+00:00\",\"mainEntityOfPage\":{\"@id\":\"https:\/\/www.vinhoselection.com\/blog\/2026\/06\/17\/vallee-du-douro-berceau-historique-des-grands-vins-portugais\/\"},\"wordCount\":785,\"commentCount\":0,\"publisher\":{\"@id\":\"https:\/\/www.vinhoselection.com\/blog\/#organization\"},\"keywords\":[\"Douro\",\"vin portugal\",\"vins du monde\",\"vins \u00e9trangers\"],\"articleSection\":[\"Vignobles\"],\"inLanguage\":\"fr-FR\",\"potentialAction\":[{\"@type\":\"CommentAction\",\"name\":\"Comment\",\"target\":[\"https:\/\/www.vinhoselection.com\/blog\/2026\/06\/17\/vallee-du-douro-berceau-historique-des-grands-vins-portugais\/#respond\"]}]},{\"@type\":\"WebPage\",\"@id\":\"https:\/\/www.vinhoselection.com\/blog\/2026\/06\/17\/vallee-du-douro-berceau-historique-des-grands-vins-portugais\/\",\"url\":\"https:\/\/www.vinhoselection.com\/blog\/2026\/06\/17\/vallee-du-douro-berceau-historique-des-grands-vins-portugais\/\",\"name\":\"Vall\u00e9e du Douro, berceau historique des grands vins portugais - Vinho S\u00e9lection - Le Blog\",\"isPartOf\":{\"@id\":\"https:\/\/www.vinhoselection.com\/blog\/#website\"},\"datePublished\":\"2026-06-17T14:27:59+00:00\",\"dateModified\":\"2026-06-17T14:27:59+00:00\",\"description\":\"D\u00e9couvrez la vall\u00e9e du Douro, berceau des vins portugais, entre terrasses historiques, terroirs uniques et vins rouges et blancs d\u2019exception.\",\"breadcrumb\":{\"@id\":\"https:\/\/www.vinhoselection.com\/blog\/2026\/06\/17\/vallee-du-douro-berceau-historique-des-grands-vins-portugais\/#breadcrumb\"},\"inLanguage\":\"fr-FR\",\"potentialAction\":[{\"@type\":\"ReadAction\",\"target\":[\"https:\/\/www.vinhoselection.com\/blog\/2026\/06\/17\/vallee-du-douro-berceau-historique-des-grands-vins-portugais\/\"]}]},{\"@type\":\"BreadcrumbList\",\"@id\":\"https:\/\/www.vinhoselection.com\/blog\/2026\/06\/17\/vallee-du-douro-berceau-historique-des-grands-vins-portugais\/#breadcrumb\",\"itemListElement\":[{\"@type\":\"ListItem\",\"position\":1,\"name\":\"Accueil\",\"item\":\"https:\/\/www.vinhoselection.com\/blog\/\"},{\"@type\":\"ListItem\",\"position\":2,\"name\":\"Vall\u00e9e du Douro, berceau historique des grands vins portugais\"}]},{\"@type\":\"WebSite\",\"@id\":\"https:\/\/www.vinhoselection.com\/blog\/#website\",\"url\":\"https:\/\/www.vinhoselection.com\/blog\/\",\"name\":\"Vinho S\u00e9lection - Le Blog\",\"description\":\"\",\"publisher\":{\"@id\":\"https:\/\/www.vinhoselection.com\/blog\/#organization\"},\"potentialAction\":[{\"@type\":\"SearchAction\",\"target\":{\"@type\":\"EntryPoint\",\"urlTemplate\":\"https:\/\/www.vinhoselection.com\/blog\/?s={search_term_string}\"},\"query-input\":\"required name=search_term_string\"}],\"inLanguage\":\"fr-FR\"},{\"@type\":\"Organization\",\"@id\":\"https:\/\/www.vinhoselection.com\/blog\/#organization\",\"name\":\"Vinho S\u00e9lection\",\"url\":\"https:\/\/www.vinhoselection.com\/blog\/\",\"logo\":{\"@type\":\"ImageObject\",\"inLanguage\":\"fr-FR\",\"@id\":\"https:\/\/www.vinhoselection.com\/blog\/#\/schema\/logo\/image\/\",\"url\":\"https:\/\/www.vinhoselection.com\/blog\/wp-content\/uploads\/2026\/08\/VinhoSelection_RVB.png\",\"contentUrl\":\"https:\/\/www.vinhoselection.com\/blog\/wp-content\/uploads\/2026\/08\/VinhoSelection_RVB.png\",\"width\":660,\"height\":86,\"caption\":\"Vinho S\u00e9lection\"},\"image\":{\"@id\":\"https:\/\/www.vinhoselection.com\/blog\/#\/schema\/logo\/image\/\"}},{\"@type\":\"Person\",\"@id\":\"https:\/\/www.vinhoselection.com\/blog\/#\/schema\/person\/005afe6cfad81e36a1b0f78a3e295f2d\",\"name\":\"Vinho S\u00e9lection\",\"image\":{\"@type\":\"ImageObject\",\"inLanguage\":\"fr-FR\",\"@id\":\"https:\/\/www.vinhoselection.com\/blog\/#\/schema\/person\/image\/\",\"url\":\"https:\/\/secure.gravatar.com\/avatar\/3972f99bab68245bb83f2630ef07af25?s=96&d=mm&r=g\",\"contentUrl\":\"https:\/\/secure.gravatar.com\/avatar\/3972f99bab68245bb83f2630ef07af25?s=96&d=mm&r=g\",\"caption\":\"Vinho S\u00e9lection\"},\"sameAs\":[\"https:\/\/www.vinhoselection.com\/blog\"],\"url\":\"https:\/\/www.vinhoselection.com\/blog\/author\/18vinhoweb\/\"}]}<\/script>\n<!-- \/ Yoast SEO plugin. -->","yoast_head_json":{"title":"Vall\u00e9e du Douro, berceau historique des grands vins portugais - Vinho S\u00e9lection - Le Blog","description":"D\u00e9couvrez la vall\u00e9e du Douro, berceau des vins portugais, entre terrasses historiques, terroirs uniques et vins rouges et blancs d\u2019exception.","robots":{"index":"index","follow":"follow","max-snippet":"max-snippet:-1","max-image-preview":"max-image-preview:large","max-video-preview":"max-video-preview:-1"},"canonical":"https:\/\/www.vinhoselection.com\/blog\/2026\/06\/17\/vallee-du-douro-berceau-historique-des-grands-vins-portugais\/","og_locale":"fr_FR","og_type":"article","og_title":"Vall\u00e9e du Douro, berceau historique des grands vins portugais - Vinho S\u00e9lection - Le Blog","og_description":"D\u00e9couvrez la vall\u00e9e du Douro, berceau des vins portugais, entre terrasses historiques, terroirs uniques et vins rouges et blancs d\u2019exception.","og_url":"https:\/\/www.vinhoselection.com\/blog\/2026\/06\/17\/vallee-du-douro-berceau-historique-des-grands-vins-portugais\/","og_site_name":"Vinho S\u00e9lection - Le Blog","article_published_time":"2026-06-17T14:27:59+00:00","og_image":[{"width":1640,"height":924,"url":"https:\/\/www.vinhoselection.com\/blog\/wp-content\/uploads\/2026\/03\/Douro-vignoble.jpg","type":"image\/jpeg"}],"author":"Vinho S\u00e9lection","twitter_card":"summary_large_image","twitter_misc":{"\u00c9crit par":"Vinho S\u00e9lection","Dur\u00e9e de lecture estim\u00e9e":"4 minutes"},"schema":{"@context":"https:\/\/schema.org","@graph":[{"@type":"Article","@id":"https:\/\/www.vinhoselection.com\/blog\/2026\/06\/17\/vallee-du-douro-berceau-historique-des-grands-vins-portugais\/#article","isPartOf":{"@id":"https:\/\/www.vinhoselection.com\/blog\/2026\/06\/17\/vallee-du-douro-berceau-historique-des-grands-vins-portugais\/"},"author":{"name":"Vinho S\u00e9lection","@id":"https:\/\/www.vinhoselection.com\/blog\/#\/schema\/person\/005afe6cfad81e36a1b0f78a3e295f2d"},"headline":"Vall\u00e9e du Douro, berceau historique des grands vins portugais","datePublished":"2026-06-17T14:27:59+00:00","dateModified":"2026-06-17T14:27:59+00:00","mainEntityOfPage":{"@id":"https:\/\/www.vinhoselection.com\/blog\/2026\/06\/17\/vallee-du-douro-berceau-historique-des-grands-vins-portugais\/"},"wordCount":785,"commentCount":0,"publisher":{"@id":"https:\/\/www.vinhoselection.com\/blog\/#organization"},"keywords":["Douro","vin portugal","vins du monde","vins \u00e9trangers"],"articleSection":["Vignobles"],"inLanguage":"fr-FR","potentialAction":[{"@type":"CommentAction","name":"Comment","target":["https:\/\/www.vinhoselection.com\/blog\/2026\/06\/17\/vallee-du-douro-berceau-historique-des-grands-vins-portugais\/#respond"]}]},{"@type":"WebPage","@id":"https:\/\/www.vinhoselection.com\/blog\/2026\/06\/17\/vallee-du-douro-berceau-historique-des-grands-vins-portugais\/","url":"https:\/\/www.vinhoselection.com\/blog\/2026\/06\/17\/vallee-du-douro-berceau-historique-des-grands-vins-portugais\/","name":"Vall\u00e9e du Douro, berceau historique des grands vins portugais - Vinho S\u00e9lection - Le Blog","isPartOf":{"@id":"https:\/\/www.vinhoselection.com\/blog\/#website"},"datePublished":"2026-06-17T14:27:59+00:00","dateModified":"2026-06-17T14:27:59+00:00","description":"D\u00e9couvrez la vall\u00e9e du Douro, berceau des vins portugais, entre terrasses historiques, terroirs uniques et vins rouges et blancs d\u2019exception.","breadcrumb":{"@id":"https:\/\/www.vinhoselection.com\/blog\/2026\/06\/17\/vallee-du-douro-berceau-historique-des-grands-vins-portugais\/#breadcrumb"},"inLanguage":"fr-FR","potentialAction":[{"@type":"ReadAction","target":["https:\/\/www.vinhoselection.com\/blog\/2026\/06\/17\/vallee-du-douro-berceau-historique-des-grands-vins-portugais\/"]}]},{"@type":"BreadcrumbList","@id":"https:\/\/www.vinhoselection.com\/blog\/2026\/06\/17\/vallee-du-douro-berceau-historique-des-grands-vins-portugais\/#breadcrumb","itemListElement":[{"@type":"ListItem","position":1,"name":"Accueil","item":"https:\/\/www.vinhoselection.com\/blog\/"},{"@type":"ListItem","position":2,"name":"Vall\u00e9e du Douro, berceau historique des grands vins portugais"}]},{"@type":"WebSite","@id":"https:\/\/www.vinhoselection.com\/blog\/#website","url":"https:\/\/www.vinhoselection.com\/blog\/","name":"Vinho S\u00e9lection - Le Blog","description":"","publisher":{"@id":"https:\/\/www.vinhoselection.com\/blog\/#organization"},"potentialAction":[{"@type":"SearchAction","target":{"@type":"EntryPoint","urlTemplate":"https:\/\/www.vinhoselection.com\/blog\/?s={search_term_string}"},"query-input":"required name=search_term_string"}],"inLanguage":"fr-FR"},{"@type":"Organization","@id":"https:\/\/www.vinhoselection.com\/blog\/#organization","name":"Vinho S\u00e9lection","url":"https:\/\/www.vinhoselection.com\/blog\/","logo":{"@type":"ImageObject","inLanguage":"fr-FR","@id":"https:\/\/www.vinhoselection.com\/blog\/#\/schema\/logo\/image\/","url":"https:\/\/www.vinhoselection.com\/blog\/wp-content\/uploads\/2026\/08\/VinhoSelection_RVB.png","contentUrl":"https:\/\/www.vinhoselection.com\/blog\/wp-content\/uploads\/2026\/08\/VinhoSelection_RVB.png","width":660,"height":86,"caption":"Vinho S\u00e9lection"},"image":{"@id":"https:\/\/www.vinhoselection.com\/blog\/#\/schema\/logo\/image\/"}},{"@type":"Person","@id":"https:\/\/www.vinhoselection.com\/blog\/#\/schema\/person\/005afe6cfad81e36a1b0f78a3e295f2d","name":"Vinho S\u00e9lection","image":{"@type":"ImageObject","inLanguage":"fr-FR","@id":"https:\/\/www.vinhoselection.com\/blog\/#\/schema\/person\/image\/","url":"https:\/\/secure.gravatar.com\/avatar\/3972f99bab68245bb83f2630ef07af25?s=96&d=mm&r=g","contentUrl":"https:\/\/secure.gravatar.com\/avatar\/3972f99bab68245bb83f2630ef07af25?s=96&d=mm&r=g","caption":"Vinho S\u00e9lection"},"sameAs":["https:\/\/www.vinhoselection.com\/blog"],"url":"https:\/\/www.vinhoselection.com\/blog\/author\/18vinhoweb\/"}]}},"_links":{"self":[{"href":"https:\/\/www.vinhoselection.com\/blog\/wp-json\/wp\/v2\/posts\/900"}],"collection":[{"href":"https:\/\/www.vinhoselection.com\/blog\/wp-json\/wp\/v2\/posts"}],"about":[{"href":"https:\/\/www.vinhoselection.com\/blog\/wp-json\/wp\/v2\/types\/post"}],"author":[{"embeddable":true,"href":"https:\/\/www.vinhoselection.com\/blog\/wp-json\/wp\/v2\/users\/1"}],"replies":[{"embeddable":true,"href":"https:\/\/www.vinhoselection.com\/blog\/wp-json\/wp\/v2\/comments?post=900"}],"version-history":[{"count":1,"href":"https:\/\/www.vinhoselection.com\/blog\/wp-json\/wp\/v2\/posts\/900\/revisions"}],"predecessor-version":[{"id":905,"href":"https:\/\/www.vinhoselection.com\/blog\/wp-json\/wp\/v2\/posts\/900\/revisions\/905"}],"wp:featuredmedia":[{"embeddable":true,"href":"https:\/\/www.vinhoselection.com\/blog\/wp-json\/wp\/v2\/media\/904"}],"wp:attachment":[{"href":"https:\/\/www.vinhoselection.com\/blog\/wp-json\/wp\/v2\/media?parent=900"}],"wp:term":[{"taxonomy":"category","embeddable":true,"href":"https:\/\/www.vinhoselection.com\/blog\/wp-json\/wp\/v2\/categories?post=900"},{"taxonomy":"post_tag","embeddable":true,"href":"https:\/\/www.vinhoselection.com\/blog\/wp-json\/wp\/v2\/tags?post=900"}],"curies":[{"name":"wp","href":"https:\/\/api.w.org\/{rel}","templated":true}]}}