{"id":886,"date":"2026-03-17T10:51:54","date_gmt":"2026-03-17T09:51:54","guid":{"rendered":"https:\/\/www.vinhoselection.com\/blog\/?p=886"},"modified":"2026-03-17T10:51:54","modified_gmt":"2026-03-17T09:51:54","slug":"carignan-le-cepage-mediterraneen-qui-revient-en-force","status":"publish","type":"post","link":"https:\/\/www.vinhoselection.com\/blog\/2026\/03\/17\/carignan-le-cepage-mediterraneen-qui-revient-en-force\/","title":{"rendered":"Carignan, le c\u00e9page m\u00e9diterran\u00e9en qui revient en force"},"content":{"rendered":"\n<p><strong>Longtemps d\u00e9cri\u00e9, parfois moqu\u00e9, le Carignan conna\u00eet aujourd\u2019hui une v\u00e9ritable r\u00e9habilitation. C\u00e9page m\u00e9diterran\u00e9en par excellence, il signe le retour en gr\u00e2ce des vieilles vignes, des terroirs solaires et des vins de caract\u00e8re. Du Languedoc \u00e0 la Catalogne, du Priorat \u00e0 la Californie, cette vari\u00e9t\u00e9 retrouve ses lettres de noblesse \u00e0 l\u2019\u00e9chelle mondiale.<\/strong><\/p>\n\n\n\n<h2 class=\"wp-block-heading\"><strong>Aux origines du Carignan : un enfant de la M\u00e9diterran\u00e9e<\/strong><\/h2>\n\n\n\n<p>Le Carignan \u2013 Carignano en Italie, Cari\u00f1ena ou Mazuelo en Espagne, Carignan noir en France \u2013 trouve ses racines en Aragon, dans le nord-est de <a href=\"https:\/\/www.vinhoselection.com\/blog\/2023\/10\/12\/lespagne-vins-races-et-bodegas-a-perte-de-vue\/\">l\u2019Espagne<\/a>. De l\u00e0, il a essaim\u00e9 tout autour du bassin m\u00e9diterran\u00e9en, port\u00e9 par les \u00e9changes commerciaux et les migrations viticoles. C\u00e9page tardif, vigoureux, naturellement productif, il s\u2019est impos\u00e9 au XXe si\u00e8cle comme un pilier des vignobles de masse.<\/p>\n\n\n\n<p>Son succ\u00e8s fut aussi sa chute. Plant\u00e9 \u00e0 outrance, souvent sur des terroirs inadapt\u00e9s et vinifi\u00e9 sans m\u00e9nagement, il a longtemps donn\u00e9 des vins durs, acides et rustiques. Une r\u00e9putation tenace\u2026 mais aujourd\u2019hui largement d\u00e9pass\u00e9e.<\/p>\n\n\n\n<h2 class=\"wp-block-heading\"><strong>O\u00f9 est cultiv\u00e9 le Carignan dans le monde ?<\/strong><\/h2>\n\n\n\n<p><strong>France : le grand retour des vieilles vignes<\/strong><\/p>\n\n\n\n<p>La <a href=\"https:\/\/www.vinhoselection.com\/blog\/2023\/10\/05\/france-italie-une-mosaique-de-terroirs\/\">France<\/a> reste le premier pays producteur de Carignan, principalement dans le Languedoc-Roussillon. Corbi\u00e8res, Minervois, Fitou, Faug\u00e8res ou encore Roussillon abritent de superbes vieilles vignes, parfois centenaires. \u00c0 faibles rendements, il r\u00e9v\u00e8le une profondeur et une fra\u00eecheur remarquables, devenant la colonne vert\u00e9brale de nombreux grands vins du Sud.<\/p>\n\n\n\n<p><strong>Espagne : puissance et min\u00e9ralit\u00e9<\/strong><\/p>\n\n\n\n<p>En Espagne, le Carignan est connu sous le nom de Mazuelo ou Cari\u00f1ena. Il joue un r\u00f4le cl\u00e9 dans des appellations prestigieuses comme le Priorat et le Montsant, o\u00f9 il apporte structure, tension et long\u00e9vit\u00e9, souvent en assemblage avec le <a href=\"https:\/\/www.vinhoselection.com\/blog\/2025\/05\/21\/grenache-noir-un-cepage-mediterraneen-a-la-conquete-du-monde\/\">Grenache<\/a>. Dans la Rioja, il reste un c\u00e9page d\u2019appoint pr\u00e9cieux pour soutenir les vins de garde.<\/p>\n\n\n\n<p><strong>Italie et M\u00e9diterran\u00e9e \u00e9largie<\/strong><\/p>\n\n\n\n<p>En Sardaigne, le Carignano del Sulcis donne naissance \u00e0 des vins solaires mais \u00e9l\u00e9gants, influenc\u00e9s par la mer. On retrouve aussi le c\u00e9page en Tunisie, au Maroc, en Isra\u00ebl ou au <a href=\"https:\/\/www.vinhoselection.com\/blog\/2024\/11\/22\/le-liban-un-heritage-antique-a-la-conquete-du-monde\/\">Liban<\/a>, o\u00f9 il s\u2019adapte parfaitement aux climats chauds et secs.<\/p>\n\n\n\n<figure class=\"wp-block-image size-large\"><img loading=\"lazy\" decoding=\"async\" width=\"1024\" height=\"577\" src=\"https:\/\/www.vinhoselection.com\/blog\/wp-content\/uploads\/2026\/02\/Carignan-2-1024x577.jpg\" alt=\"\" class=\"wp-image-887\" srcset=\"https:\/\/www.vinhoselection.com\/blog\/wp-content\/uploads\/2026\/02\/Carignan-2-1024x577.jpg 1024w, https:\/\/www.vinhoselection.com\/blog\/wp-content\/uploads\/2026\/02\/Carignan-2-300x169.jpg 300w, https:\/\/www.vinhoselection.com\/blog\/wp-content\/uploads\/2026\/02\/Carignan-2-768x433.jpg 768w, https:\/\/www.vinhoselection.com\/blog\/wp-content\/uploads\/2026\/02\/Carignan-2-1536x865.jpg 1536w, https:\/\/www.vinhoselection.com\/blog\/wp-content\/uploads\/2026\/02\/Carignan-2.jpg 1640w\" sizes=\"(max-width: 1024px) 100vw, 1024px\" \/><\/figure>\n\n\n\n<p><strong>Nouveau Monde : un potentiel red\u00e9couvert<\/strong><\/p>\n\n\n\n<p>Le Carignan s\u2019est discr\u00e8tement implant\u00e9 en <a href=\"https:\/\/www.vinhoselection.com\/blog\/2023\/12\/15\/le-reve-americain-de-la-californie-a-loregon\/\">Californie<\/a>, au <a href=\"https:\/\/www.vinhoselection.com\/blog\/2024\/10\/11\/le-chili-terre-de-vins-entre-tradition-et-innovation\/\">Chili<\/a> ou en Afrique du Sud. D\u2019abord cantonn\u00e9 aux vins d\u2019entr\u00e9e de gamme, il est aujourd\u2019hui repris par une nouvelle g\u00e9n\u00e9ration de vignerons qui misent sur les vieilles parcelles et les vinifications douces. R\u00e9sultat : des vins vibrants, fruit\u00e9s, souvent surprenants de fra\u00eecheur.<\/p>\n\n\n\n<h2 class=\"wp-block-heading\"><strong>Terroirs de pr\u00e9dilection : l\u00e0 o\u00f9 le Carignan excelle<\/strong><\/h2>\n\n\n\n<p>Il aime la chaleur mais d\u00e9teste l\u2019exc\u00e8s. Il s\u2019\u00e9panouit sur des sols pauvres et bien drain\u00e9s : schistes, galets roul\u00e9s, terrasses caillouteuses ou coteaux argilo-calcaires. La proximit\u00e9 maritime lui est favorable, temp\u00e9rant sa vigueur naturelle et pr\u00e9servant son acidit\u00e9.<\/p>\n\n\n\n<p>Autre cl\u00e9 essentielle : l\u2019\u00e2ge des vignes. Ce c\u00e9page donne le meilleur de lui-m\u00eame sur des ceps anciens, aux rendements naturellement faibles, capables de produire des raisins concentr\u00e9s et \u00e9quilibr\u00e9s.<\/p>\n\n\n\n<h2 class=\"wp-block-heading\"><strong>Quel style de vins offre le Carignan aujourd\u2019hui ?<\/strong><\/h2>\n\n\n\n<p>Oubliez les caricatures. Le Carignan moderne s\u00e9duit par son profil frais et digeste. Il d\u00e9veloppe des ar\u00f4mes de fruits noirs (m\u00fbre, cassis), de cerise griotte, de garrigue, parfois de poivre et de r\u00e9glisse. Avec l\u2019\u00e2ge, il gagne en complexit\u00e9, d\u00e9voilant des notes de cuir, de tapenade et d\u2019\u00e9pices douces.<\/p>\n\n\n\n<p>En bouche, il se distingue par une acidit\u00e9 naturelle \u00e9lev\u00e9e, une trame tannique ferme mais fine, et une vraie capacit\u00e9 de garde. Vinifi\u00e9 seul, il donne des vins droits et profonds ; en assemblage, il apporte structure, fra\u00eecheur et \u00e9quilibre.<\/p>\n\n\n\n<figure class=\"wp-block-image size-large\"><img loading=\"lazy\" decoding=\"async\" width=\"1024\" height=\"577\" src=\"https:\/\/www.vinhoselection.com\/blog\/wp-content\/uploads\/2026\/02\/vin-Carignan-1024x577.jpg\" alt=\"\" class=\"wp-image-889\" srcset=\"https:\/\/www.vinhoselection.com\/blog\/wp-content\/uploads\/2026\/02\/vin-Carignan-1024x577.jpg 1024w, https:\/\/www.vinhoselection.com\/blog\/wp-content\/uploads\/2026\/02\/vin-Carignan-300x169.jpg 300w, https:\/\/www.vinhoselection.com\/blog\/wp-content\/uploads\/2026\/02\/vin-Carignan-768x433.jpg 768w, https:\/\/www.vinhoselection.com\/blog\/wp-content\/uploads\/2026\/02\/vin-Carignan-1536x865.jpg 1536w, https:\/\/www.vinhoselection.com\/blog\/wp-content\/uploads\/2026\/02\/vin-Carignan.jpg 1640w\" sizes=\"(max-width: 1024px) 100vw, 1024px\" \/><\/figure>\n\n\n\n<h2 class=\"wp-block-heading\"><strong>Pourquoi cette renaissance ?<\/strong><\/h2>\n\n\n\n<p>Le renouveau du Carignan s\u2019inscrit dans une tendance de fond : la qu\u00eate d\u2019authenticit\u00e9. C\u00e9page r\u00e9silient, bien adapt\u00e9 au changement climatique, il r\u00e9pond aux attentes des amateurs de vins de terroir, moins bois\u00e9s, plus lisibles et plus vivants.<\/p>\n\n\n\n<p>Red\u00e9couvert par des vignerons exigeants, pl\u00e9biscit\u00e9 par la sommellerie et les critiques, il n\u2019est plus un c\u00e9page du pass\u00e9. Il est, plus que jamais, un vin d\u2019avenir, profond\u00e9ment m\u00e9diterran\u00e9en et r\u00e9solument contemporain.<\/p>\n\n\n\n<p class=\"has-text-align-center\"><strong><a href=\"https:\/\/www.vinhoselection.com\/vins\/?region=&amp;appellation=&amp;domaine=&amp;cepage=Carignan&amp;order=\">Nos vins issus du Carignan<\/a><\/strong><\/p>\n","protected":false},"excerpt":{"rendered":"<p>Longtemps d\u00e9cri\u00e9, parfois moqu\u00e9, le Carignan conna\u00eet aujourd\u2019hui une v\u00e9ritable r\u00e9habilitation. C\u00e9page m\u00e9diterran\u00e9en par excellence, il signe le retour en gr\u00e2ce des vieilles vignes, des terroirs solaires et des vins de caract\u00e8re. Du Languedoc \u00e0 la Catalogne, du Priorat \u00e0 la Californie, cette vari\u00e9t\u00e9 retrouve ses lettres de noblesse \u00e0 l\u2019\u00e9chelle mondiale. Aux origines du [&hellip;]<\/p>\n","protected":false},"author":1,"featured_media":888,"comment_status":"open","ping_status":"open","sticky":false,"template":"","format":"standard","meta":{"footnotes":""},"categories":[5],"tags":[178,70,71],"yoast_head":"<!-- This site is optimized with the Yoast SEO plugin v19.12 - https:\/\/yoast.com\/wordpress\/plugins\/seo\/ -->\n<title>Carignan, le c\u00e9page m\u00e9diterran\u00e9en qui revient en force - Vinho S\u00e9lection - Le Blog<\/title>\n<meta name=\"robots\" content=\"index, follow, max-snippet:-1, max-image-preview:large, max-video-preview:-1\" \/>\n<link rel=\"canonical\" href=\"https:\/\/www.vinhoselection.com\/blog\/2026\/03\/17\/carignan-le-cepage-mediterraneen-qui-revient-en-force\/\" \/>\n<meta property=\"og:locale\" content=\"fr_FR\" \/>\n<meta property=\"og:type\" content=\"article\" \/>\n<meta property=\"og:title\" content=\"Carignan, le c\u00e9page m\u00e9diterran\u00e9en qui revient en force - Vinho S\u00e9lection - Le Blog\" \/>\n<meta property=\"og:description\" content=\"Longtemps d\u00e9cri\u00e9, parfois moqu\u00e9, le Carignan conna\u00eet aujourd\u2019hui une v\u00e9ritable r\u00e9habilitation. C\u00e9page m\u00e9diterran\u00e9en par excellence, il signe le retour en gr\u00e2ce des vieilles vignes, des terroirs solaires et des vins de caract\u00e8re. Du Languedoc \u00e0 la Catalogne, du Priorat \u00e0 la Californie, cette vari\u00e9t\u00e9 retrouve ses lettres de noblesse \u00e0 l\u2019\u00e9chelle mondiale. Aux origines du [&hellip;]\" \/>\n<meta property=\"og:url\" content=\"https:\/\/www.vinhoselection.com\/blog\/2026\/03\/17\/carignan-le-cepage-mediterraneen-qui-revient-en-force\/\" \/>\n<meta property=\"og:site_name\" content=\"Vinho S\u00e9lection - Le Blog\" \/>\n<meta property=\"article:published_time\" content=\"2026-03-17T09:51:54+00:00\" \/>\n<meta property=\"og:image\" content=\"https:\/\/www.vinhoselection.com\/blog\/wp-content\/uploads\/2026\/02\/Carignan.jpg\" \/>\n\t<meta property=\"og:image:width\" content=\"1640\" \/>\n\t<meta property=\"og:image:height\" content=\"924\" \/>\n\t<meta property=\"og:image:type\" content=\"image\/jpeg\" \/>\n<meta name=\"author\" content=\"Vinho S\u00e9lection\" \/>\n<meta name=\"twitter:card\" content=\"summary_large_image\" \/>\n<meta name=\"twitter:label1\" content=\"\u00c9crit par\" \/>\n\t<meta name=\"twitter:data1\" content=\"Vinho S\u00e9lection\" \/>\n\t<meta name=\"twitter:label2\" content=\"Dur\u00e9e de lecture estim\u00e9e\" \/>\n\t<meta name=\"twitter:data2\" content=\"4 minutes\" \/>\n<script type=\"application\/ld+json\" class=\"yoast-schema-graph\">{\"@context\":\"https:\/\/schema.org\",\"@graph\":[{\"@type\":\"Article\",\"@id\":\"https:\/\/www.vinhoselection.com\/blog\/2026\/03\/17\/carignan-le-cepage-mediterraneen-qui-revient-en-force\/#article\",\"isPartOf\":{\"@id\":\"https:\/\/www.vinhoselection.com\/blog\/2026\/03\/17\/carignan-le-cepage-mediterraneen-qui-revient-en-force\/\"},\"author\":{\"name\":\"Vinho S\u00e9lection\",\"@id\":\"https:\/\/www.vinhoselection.com\/blog\/#\/schema\/person\/005afe6cfad81e36a1b0f78a3e295f2d\"},\"headline\":\"Carignan, le c\u00e9page m\u00e9diterran\u00e9en qui revient en force\",\"datePublished\":\"2026-03-17T09:51:54+00:00\",\"dateModified\":\"2026-03-17T09:51:54+00:00\",\"mainEntityOfPage\":{\"@id\":\"https:\/\/www.vinhoselection.com\/blog\/2026\/03\/17\/carignan-le-cepage-mediterraneen-qui-revient-en-force\/\"},\"wordCount\":734,\"commentCount\":0,\"publisher\":{\"@id\":\"https:\/\/www.vinhoselection.com\/blog\/#organization\"},\"keywords\":[\"carignan\",\"vins du monde\",\"vins \u00e9trangers\"],\"articleSection\":[\"C\u00e9pages\"],\"inLanguage\":\"fr-FR\",\"potentialAction\":[{\"@type\":\"CommentAction\",\"name\":\"Comment\",\"target\":[\"https:\/\/www.vinhoselection.com\/blog\/2026\/03\/17\/carignan-le-cepage-mediterraneen-qui-revient-en-force\/#respond\"]}]},{\"@type\":\"WebPage\",\"@id\":\"https:\/\/www.vinhoselection.com\/blog\/2026\/03\/17\/carignan-le-cepage-mediterraneen-qui-revient-en-force\/\",\"url\":\"https:\/\/www.vinhoselection.com\/blog\/2026\/03\/17\/carignan-le-cepage-mediterraneen-qui-revient-en-force\/\",\"name\":\"Carignan, le c\u00e9page m\u00e9diterran\u00e9en qui revient en force - Vinho S\u00e9lection - Le Blog\",\"isPartOf\":{\"@id\":\"https:\/\/www.vinhoselection.com\/blog\/#website\"},\"datePublished\":\"2026-03-17T09:51:54+00:00\",\"dateModified\":\"2026-03-17T09:51:54+00:00\",\"breadcrumb\":{\"@id\":\"https:\/\/www.vinhoselection.com\/blog\/2026\/03\/17\/carignan-le-cepage-mediterraneen-qui-revient-en-force\/#breadcrumb\"},\"inLanguage\":\"fr-FR\",\"potentialAction\":[{\"@type\":\"ReadAction\",\"target\":[\"https:\/\/www.vinhoselection.com\/blog\/2026\/03\/17\/carignan-le-cepage-mediterraneen-qui-revient-en-force\/\"]}]},{\"@type\":\"BreadcrumbList\",\"@id\":\"https:\/\/www.vinhoselection.com\/blog\/2026\/03\/17\/carignan-le-cepage-mediterraneen-qui-revient-en-force\/#breadcrumb\",\"itemListElement\":[{\"@type\":\"ListItem\",\"position\":1,\"name\":\"Accueil\",\"item\":\"https:\/\/www.vinhoselection.com\/blog\/\"},{\"@type\":\"ListItem\",\"position\":2,\"name\":\"Carignan, le c\u00e9page m\u00e9diterran\u00e9en qui revient en force\"}]},{\"@type\":\"WebSite\",\"@id\":\"https:\/\/www.vinhoselection.com\/blog\/#website\",\"url\":\"https:\/\/www.vinhoselection.com\/blog\/\",\"name\":\"Vinho S\u00e9lection - Le Blog\",\"description\":\"\",\"publisher\":{\"@id\":\"https:\/\/www.vinhoselection.com\/blog\/#organization\"},\"potentialAction\":[{\"@type\":\"SearchAction\",\"target\":{\"@type\":\"EntryPoint\",\"urlTemplate\":\"https:\/\/www.vinhoselection.com\/blog\/?s={search_term_string}\"},\"query-input\":\"required name=search_term_string\"}],\"inLanguage\":\"fr-FR\"},{\"@type\":\"Organization\",\"@id\":\"https:\/\/www.vinhoselection.com\/blog\/#organization\",\"name\":\"Vinho S\u00e9lection\",\"url\":\"https:\/\/www.vinhoselection.com\/blog\/\",\"logo\":{\"@type\":\"ImageObject\",\"inLanguage\":\"fr-FR\",\"@id\":\"https:\/\/www.vinhoselection.com\/blog\/#\/schema\/logo\/image\/\",\"url\":\"https:\/\/www.vinhoselection.com\/blog\/wp-content\/uploads\/2026\/08\/VinhoSelection_RVB.png\",\"contentUrl\":\"https:\/\/www.vinhoselection.com\/blog\/wp-content\/uploads\/2026\/08\/VinhoSelection_RVB.png\",\"width\":660,\"height\":86,\"caption\":\"Vinho S\u00e9lection\"},\"image\":{\"@id\":\"https:\/\/www.vinhoselection.com\/blog\/#\/schema\/logo\/image\/\"}},{\"@type\":\"Person\",\"@id\":\"https:\/\/www.vinhoselection.com\/blog\/#\/schema\/person\/005afe6cfad81e36a1b0f78a3e295f2d\",\"name\":\"Vinho S\u00e9lection\",\"image\":{\"@type\":\"ImageObject\",\"inLanguage\":\"fr-FR\",\"@id\":\"https:\/\/www.vinhoselection.com\/blog\/#\/schema\/person\/image\/\",\"url\":\"https:\/\/secure.gravatar.com\/avatar\/3972f99bab68245bb83f2630ef07af25?s=96&d=mm&r=g\",\"contentUrl\":\"https:\/\/secure.gravatar.com\/avatar\/3972f99bab68245bb83f2630ef07af25?s=96&d=mm&r=g\",\"caption\":\"Vinho S\u00e9lection\"},\"sameAs\":[\"https:\/\/www.vinhoselection.com\/blog\"],\"url\":\"https:\/\/www.vinhoselection.com\/blog\/author\/18vinhoweb\/\"}]}<\/script>\n<!-- \/ Yoast SEO plugin. -->","yoast_head_json":{"title":"Carignan, le c\u00e9page m\u00e9diterran\u00e9en qui revient en force - Vinho S\u00e9lection - Le Blog","robots":{"index":"index","follow":"follow","max-snippet":"max-snippet:-1","max-image-preview":"max-image-preview:large","max-video-preview":"max-video-preview:-1"},"canonical":"https:\/\/www.vinhoselection.com\/blog\/2026\/03\/17\/carignan-le-cepage-mediterraneen-qui-revient-en-force\/","og_locale":"fr_FR","og_type":"article","og_title":"Carignan, le c\u00e9page m\u00e9diterran\u00e9en qui revient en force - Vinho S\u00e9lection - Le Blog","og_description":"Longtemps d\u00e9cri\u00e9, parfois moqu\u00e9, le Carignan conna\u00eet aujourd\u2019hui une v\u00e9ritable r\u00e9habilitation. C\u00e9page m\u00e9diterran\u00e9en par excellence, il signe le retour en gr\u00e2ce des vieilles vignes, des terroirs solaires et des vins de caract\u00e8re. Du Languedoc \u00e0 la Catalogne, du Priorat \u00e0 la Californie, cette vari\u00e9t\u00e9 retrouve ses lettres de noblesse \u00e0 l\u2019\u00e9chelle mondiale. Aux origines du [&hellip;]","og_url":"https:\/\/www.vinhoselection.com\/blog\/2026\/03\/17\/carignan-le-cepage-mediterraneen-qui-revient-en-force\/","og_site_name":"Vinho S\u00e9lection - Le Blog","article_published_time":"2026-03-17T09:51:54+00:00","og_image":[{"width":1640,"height":924,"url":"https:\/\/www.vinhoselection.com\/blog\/wp-content\/uploads\/2026\/02\/Carignan.jpg","type":"image\/jpeg"}],"author":"Vinho S\u00e9lection","twitter_card":"summary_large_image","twitter_misc":{"\u00c9crit par":"Vinho S\u00e9lection","Dur\u00e9e de lecture estim\u00e9e":"4 minutes"},"schema":{"@context":"https:\/\/schema.org","@graph":[{"@type":"Article","@id":"https:\/\/www.vinhoselection.com\/blog\/2026\/03\/17\/carignan-le-cepage-mediterraneen-qui-revient-en-force\/#article","isPartOf":{"@id":"https:\/\/www.vinhoselection.com\/blog\/2026\/03\/17\/carignan-le-cepage-mediterraneen-qui-revient-en-force\/"},"author":{"name":"Vinho S\u00e9lection","@id":"https:\/\/www.vinhoselection.com\/blog\/#\/schema\/person\/005afe6cfad81e36a1b0f78a3e295f2d"},"headline":"Carignan, le c\u00e9page m\u00e9diterran\u00e9en qui revient en force","datePublished":"2026-03-17T09:51:54+00:00","dateModified":"2026-03-17T09:51:54+00:00","mainEntityOfPage":{"@id":"https:\/\/www.vinhoselection.com\/blog\/2026\/03\/17\/carignan-le-cepage-mediterraneen-qui-revient-en-force\/"},"wordCount":734,"commentCount":0,"publisher":{"@id":"https:\/\/www.vinhoselection.com\/blog\/#organization"},"keywords":["carignan","vins du monde","vins \u00e9trangers"],"articleSection":["C\u00e9pages"],"inLanguage":"fr-FR","potentialAction":[{"@type":"CommentAction","name":"Comment","target":["https:\/\/www.vinhoselection.com\/blog\/2026\/03\/17\/carignan-le-cepage-mediterraneen-qui-revient-en-force\/#respond"]}]},{"@type":"WebPage","@id":"https:\/\/www.vinhoselection.com\/blog\/2026\/03\/17\/carignan-le-cepage-mediterraneen-qui-revient-en-force\/","url":"https:\/\/www.vinhoselection.com\/blog\/2026\/03\/17\/carignan-le-cepage-mediterraneen-qui-revient-en-force\/","name":"Carignan, le c\u00e9page m\u00e9diterran\u00e9en qui revient en force - Vinho S\u00e9lection - Le Blog","isPartOf":{"@id":"https:\/\/www.vinhoselection.com\/blog\/#website"},"datePublished":"2026-03-17T09:51:54+00:00","dateModified":"2026-03-17T09:51:54+00:00","breadcrumb":{"@id":"https:\/\/www.vinhoselection.com\/blog\/2026\/03\/17\/carignan-le-cepage-mediterraneen-qui-revient-en-force\/#breadcrumb"},"inLanguage":"fr-FR","potentialAction":[{"@type":"ReadAction","target":["https:\/\/www.vinhoselection.com\/blog\/2026\/03\/17\/carignan-le-cepage-mediterraneen-qui-revient-en-force\/"]}]},{"@type":"BreadcrumbList","@id":"https:\/\/www.vinhoselection.com\/blog\/2026\/03\/17\/carignan-le-cepage-mediterraneen-qui-revient-en-force\/#breadcrumb","itemListElement":[{"@type":"ListItem","position":1,"name":"Accueil","item":"https:\/\/www.vinhoselection.com\/blog\/"},{"@type":"ListItem","position":2,"name":"Carignan, le c\u00e9page m\u00e9diterran\u00e9en qui revient en force"}]},{"@type":"WebSite","@id":"https:\/\/www.vinhoselection.com\/blog\/#website","url":"https:\/\/www.vinhoselection.com\/blog\/","name":"Vinho S\u00e9lection - Le Blog","description":"","publisher":{"@id":"https:\/\/www.vinhoselection.com\/blog\/#organization"},"potentialAction":[{"@type":"SearchAction","target":{"@type":"EntryPoint","urlTemplate":"https:\/\/www.vinhoselection.com\/blog\/?s={search_term_string}"},"query-input":"required name=search_term_string"}],"inLanguage":"fr-FR"},{"@type":"Organization","@id":"https:\/\/www.vinhoselection.com\/blog\/#organization","name":"Vinho S\u00e9lection","url":"https:\/\/www.vinhoselection.com\/blog\/","logo":{"@type":"ImageObject","inLanguage":"fr-FR","@id":"https:\/\/www.vinhoselection.com\/blog\/#\/schema\/logo\/image\/","url":"https:\/\/www.vinhoselection.com\/blog\/wp-content\/uploads\/2026\/08\/VinhoSelection_RVB.png","contentUrl":"https:\/\/www.vinhoselection.com\/blog\/wp-content\/uploads\/2026\/08\/VinhoSelection_RVB.png","width":660,"height":86,"caption":"Vinho S\u00e9lection"},"image":{"@id":"https:\/\/www.vinhoselection.com\/blog\/#\/schema\/logo\/image\/"}},{"@type":"Person","@id":"https:\/\/www.vinhoselection.com\/blog\/#\/schema\/person\/005afe6cfad81e36a1b0f78a3e295f2d","name":"Vinho S\u00e9lection","image":{"@type":"ImageObject","inLanguage":"fr-FR","@id":"https:\/\/www.vinhoselection.com\/blog\/#\/schema\/person\/image\/","url":"https:\/\/secure.gravatar.com\/avatar\/3972f99bab68245bb83f2630ef07af25?s=96&d=mm&r=g","contentUrl":"https:\/\/secure.gravatar.com\/avatar\/3972f99bab68245bb83f2630ef07af25?s=96&d=mm&r=g","caption":"Vinho S\u00e9lection"},"sameAs":["https:\/\/www.vinhoselection.com\/blog"],"url":"https:\/\/www.vinhoselection.com\/blog\/author\/18vinhoweb\/"}]}},"_links":{"self":[{"href":"https:\/\/www.vinhoselection.com\/blog\/wp-json\/wp\/v2\/posts\/886"}],"collection":[{"href":"https:\/\/www.vinhoselection.com\/blog\/wp-json\/wp\/v2\/posts"}],"about":[{"href":"https:\/\/www.vinhoselection.com\/blog\/wp-json\/wp\/v2\/types\/post"}],"author":[{"embeddable":true,"href":"https:\/\/www.vinhoselection.com\/blog\/wp-json\/wp\/v2\/users\/1"}],"replies":[{"embeddable":true,"href":"https:\/\/www.vinhoselection.com\/blog\/wp-json\/wp\/v2\/comments?post=886"}],"version-history":[{"count":2,"href":"https:\/\/www.vinhoselection.com\/blog\/wp-json\/wp\/v2\/posts\/886\/revisions"}],"predecessor-version":[{"id":891,"href":"https:\/\/www.vinhoselection.com\/blog\/wp-json\/wp\/v2\/posts\/886\/revisions\/891"}],"wp:featuredmedia":[{"embeddable":true,"href":"https:\/\/www.vinhoselection.com\/blog\/wp-json\/wp\/v2\/media\/888"}],"wp:attachment":[{"href":"https:\/\/www.vinhoselection.com\/blog\/wp-json\/wp\/v2\/media?parent=886"}],"wp:term":[{"taxonomy":"category","embeddable":true,"href":"https:\/\/www.vinhoselection.com\/blog\/wp-json\/wp\/v2\/categories?post=886"},{"taxonomy":"post_tag","embeddable":true,"href":"https:\/\/www.vinhoselection.com\/blog\/wp-json\/wp\/v2\/tags?post=886"}],"curies":[{"name":"wp","href":"https:\/\/api.w.org\/{rel}","templated":true}]}}