{"id":829,"date":"2025-11-06T12:43:27","date_gmt":"2025-11-06T11:43:27","guid":{"rendered":"https:\/\/www.vinhoselection.com\/blog\/?p=829"},"modified":"2025-11-06T12:43:27","modified_gmt":"2025-11-06T11:43:27","slug":"chronique-dun-vignoble-en-mouvement-la-rioja","status":"publish","type":"post","link":"https:\/\/www.vinhoselection.com\/blog\/2025\/11\/06\/chronique-dun-vignoble-en-mouvement-la-rioja\/","title":{"rendered":"Chronique d\u2019un vignoble en mouvement\u00a0: la Rioja"},"content":{"rendered":"\n<p><strong>Situ\u00e9e au nord de l\u2019Espagne, le long de l\u2019\u00c8bre, la Rioja est sans doute le vignoble le plus embl\u00e9matique de la p\u00e9ninsule ib\u00e9rique. Synonyme de grands rouges aux ar\u00f4mes de fruits m\u00fbrs et de bois\u00e9 soyeux, elle incarne \u00e0 la fois une histoire riche, un terroir pluriel et une dynamique d\u2019innovation qui continue de s\u00e9duire les amateurs du monde entier.<\/strong><\/p>\n\n\n\n<h2 class=\"wp-block-heading\"><strong>Un h\u00e9ritage mill\u00e9naire<\/strong><\/h2>\n\n\n\n<p>L\u2019aventure viticole de la Rioja remonte \u00e0 l\u2019\u00e9poque romaine, mais ce sont les moines du Moyen \u00c2ge qui ont v\u00e9ritablement structur\u00e9 la r\u00e9gion en introduisant des m\u00e9thodes de vinification plus \u00e9labor\u00e9es. D\u00e8s le XIX\u1d49 si\u00e8cle, un tournant d\u00e9cisif s\u2019op\u00e8re : alors que le <a href=\"https:\/\/www.vinhoselection.com\/blog\/2024\/03\/19\/le-phylloxera-ce-puceron-qui-a-redefini-le-vignoble\/\">phyllox\u00e9ra<\/a> ravage Bordeaux, nombre de n\u00e9gociants fran\u00e7ais se tournent vers la Rioja. Ils apportent avec eux leur savoir-faire en mati\u00e8re d\u2019\u00e9levage sous bois, donnant naissance \u00e0 ce style si particulier, o\u00f9 le ch\u00eane occupe une place de choix. En 1925, elle devient la premi\u00e8re appellation espagnole \u00e0 obtenir la fameuse Denominaci\u00f3n de Origen (DO), renforc\u00e9e en 1991 par le statut de DOCa (Denominaci\u00f3n de Origen Calificada), le plus haut niveau de reconnaissance.<\/p>\n\n\n\n<h2 class=\"wp-block-heading\"><strong>Trois sous-r\u00e9gions, mille visages<\/strong><\/h2>\n\n\n\n<p>Elle se divise en trois entit\u00e9s qui dessinent une mosa\u00efque de terroirs :<\/p>\n\n\n\n<ul>\n<li><strong>Rioja Alta<\/strong>, \u00e0 l\u2019ouest, b\u00e9n\u00e9ficie d\u2019un climat plus frais et oc\u00e9anique. Les vins y gagnent en finesse, en fra\u00eecheur et en potentiel de garde.<\/li>\n\n\n\n<li><strong>Rioja Alavesa<\/strong>, accol\u00e9e au Pays basque, partage cette influence temp\u00e9r\u00e9e. Ses sols calcaires favorisent des rouges \u00e9l\u00e9gants, souvent marqu\u00e9s par une belle acidit\u00e9.<\/li>\n\n\n\n<li><strong>Rioja Oriental<\/strong> (anciennement Rioja Baja), plus chaude et s\u00e8che, produit des vins puissants, solaires, aux tanins charnus.<\/li>\n<\/ul>\n\n\n\n<p>Ce jeu d\u2019altitudes, de sols (argilo-calcaires, alluviaux, ferreux) et de climats cr\u00e9e un formidable r\u00e9servoir de diversit\u00e9 que les vignerons savent exploiter.<\/p>\n\n\n\n<figure class=\"wp-block-image size-large\"><img loading=\"lazy\" decoding=\"async\" width=\"1024\" height=\"577\" src=\"https:\/\/www.vinhoselection.com\/blog\/wp-content\/uploads\/2025\/10\/2-1024x577.png\" alt=\"\" class=\"wp-image-831\" srcset=\"https:\/\/www.vinhoselection.com\/blog\/wp-content\/uploads\/2025\/10\/2-1024x577.png 1024w, https:\/\/www.vinhoselection.com\/blog\/wp-content\/uploads\/2025\/10\/2-300x169.png 300w, https:\/\/www.vinhoselection.com\/blog\/wp-content\/uploads\/2025\/10\/2-768x433.png 768w, https:\/\/www.vinhoselection.com\/blog\/wp-content\/uploads\/2025\/10\/2-1536x866.png 1536w, https:\/\/www.vinhoselection.com\/blog\/wp-content\/uploads\/2025\/10\/2-2048x1154.png 2048w\" sizes=\"(max-width: 1024px) 100vw, 1024px\" \/><\/figure>\n\n\n\n<h2 class=\"wp-block-heading\"><strong>Les c\u00e9pages rois<\/strong><\/h2>\n\n\n\n<p>Le <strong><a href=\"https:\/\/www.vinhoselection.com\/blog\/2023\/11\/23\/le-tempranillo-une-celebrite-iberique\/\">Tempranillo<\/a><\/strong> r\u00e8gne en ma\u00eetre : il couvre environ 75 % de la surface plant\u00e9e. C\u00e9page cam\u00e9l\u00e9on, il exprime des profils vari\u00e9s, du fruit croquant aux notes plus profondes de cuir et d\u2019\u00e9pices apr\u00e8s \u00e9levage. Il est souvent assembl\u00e9 au <strong>Garnacha Tinta<\/strong> (grenache), qui apporte chaleur et rondeur, au <strong>Mazuelo<\/strong> (carignan) pour la structure, ou au <strong>Graciano<\/strong>, c\u00e9page rare mais pr\u00e9cieux, donnant couleur et vivacit\u00e9.<\/p>\n\n\n\n<p>La Rioja n\u2019est pas en reste sur le plan des blancs. Longtemps confidentiels, ils connaissent un renouveau gr\u00e2ce au <strong>Viura<\/strong> (macabeo), c\u00e9page historique, compl\u00e9t\u00e9 par le <strong>Malvas\u00eda<\/strong> ou le <strong>Tempranillo blanco<\/strong>, mutation locale r\u00e9cente qui s\u00e9duit par sa fra\u00eecheur aromatique.<\/p>\n\n\n\n<h2 class=\"wp-block-heading\"><strong>Une typologie unique<\/strong><\/h2>\n\n\n\n<p>La r\u00e9gion a b\u00e2ti sa r\u00e9putation sur l\u2019\u00e9levage en barriques, majoritairement de ch\u00eane am\u00e9ricain, parfois de ch\u00eane fran\u00e7ais. Ce choix stylistique a donn\u00e9 naissance \u00e0 une classification singuli\u00e8re, encore aujourd\u2019hui gage de rep\u00e8res pour le consommateur :<\/p>\n\n\n\n<ul>\n<li><strong>Crianza<\/strong> : au moins un an en f\u00fbt, puis affinement en bouteille. Des vins accessibles, m\u00ealant fruit et bois\u00e9 discret.<\/li>\n\n\n\n<li><strong>Reserva<\/strong> : trois ans d\u2019\u00e9levage dont un en f\u00fbt. Plus de profondeur et de complexit\u00e9.<\/li>\n\n\n\n<li><strong>Gran Reserva<\/strong> : cinq ans de vieillissement, dont au moins deux sous bois. Des vins de patience, soyeux, aux notes tertiaires (tabac, cuir, \u00e9pices).<\/li>\n<\/ul>\n\n\n\n<p>\u00c0 c\u00f4t\u00e9 de ce triptyque traditionnel, une nouvelle g\u00e9n\u00e9ration de vignerons met en avant les vins de terroir, parcellaires, parfois \u00e9lev\u00e9s en amphores ou en b\u00e9ton, cherchant \u00e0 sublimer la puret\u00e9 du fruit et l\u2019expression des sols.<\/p>\n\n\n\n<figure class=\"wp-block-image size-large\"><img loading=\"lazy\" decoding=\"async\" width=\"1024\" height=\"577\" src=\"https:\/\/www.vinhoselection.com\/blog\/wp-content\/uploads\/2025\/10\/3-1024x577.png\" alt=\"\" class=\"wp-image-832\" srcset=\"https:\/\/www.vinhoselection.com\/blog\/wp-content\/uploads\/2025\/10\/3-1024x577.png 1024w, https:\/\/www.vinhoselection.com\/blog\/wp-content\/uploads\/2025\/10\/3-300x169.png 300w, https:\/\/www.vinhoselection.com\/blog\/wp-content\/uploads\/2025\/10\/3-768x433.png 768w, https:\/\/www.vinhoselection.com\/blog\/wp-content\/uploads\/2025\/10\/3-1536x866.png 1536w, https:\/\/www.vinhoselection.com\/blog\/wp-content\/uploads\/2025\/10\/3-2048x1154.png 2048w\" sizes=\"(max-width: 1024px) 100vw, 1024px\" \/><\/figure>\n\n\n\n<h2 class=\"wp-block-heading\"><strong>Entre tradition et modernit\u00e9<\/strong><\/h2>\n\n\n\n<p>La force de la Rioja r\u00e9side sans doute dans sa capacit\u00e9 \u00e0 conjuguer les h\u00e9ritages du pass\u00e9 avec l\u2019audace contemporaine. On y trouve encore ces bodegas cath\u00e9drales, o\u00f9 s\u2019alignent des centaines de barriques noircies par le temps, mais aussi des architectures audacieuses sign\u00e9es Frank Gehry ou Santiago Calatrava, symboles d\u2019un vignoble tourn\u00e9 vers le futur.<\/p>\n\n\n\n<p>Loin de se reposer sur sa r\u00e9putation, la Rioja continue d\u2019explorer : vins blancs de gastronomie, rouges de parcelles en altitude, pratiques viticoles durables. Autant de pistes qui enrichissent l\u2019offre et s\u00e9duisent de nouvelles g\u00e9n\u00e9rations d\u2019amateurs.<\/p>\n\n\n\n<p class=\"has-text-align-center\"><a href=\"https:\/\/www.vinhoselection.com\/vins\/?region=Rioja&amp;appellation=&amp;domaine=&amp;cepage=&amp;order=\"><strong>D\u00e9couvrez nos vins de Rioja<\/strong><\/a><\/p>\n","protected":false},"excerpt":{"rendered":"<p>Rioja, joyau de l\u2019Espagne, allie h\u00e9ritage, diversit\u00e9 de terroirs et innovation pour des vins rouges et blancs d\u2019une \u00e9l\u00e9gance intemporelle.<\/p>\n","protected":false},"author":1,"featured_media":830,"comment_status":"open","ping_status":"open","sticky":false,"template":"","format":"standard","meta":{"footnotes":""},"categories":[6],"tags":[31,61,70,71],"yoast_head":"<!-- This site is optimized with the Yoast SEO plugin v19.12 - https:\/\/yoast.com\/wordpress\/plugins\/seo\/ -->\n<title>Chronique d\u2019un vignoble en mouvement\u00a0: la Rioja - Vinho S\u00e9lection - Le Blog<\/title>\n<meta name=\"description\" content=\"Rioja, joyau de l\u2019Espagne, allie h\u00e9ritage, diversit\u00e9 de terroirs et innovation pour des vins rouges et blancs d\u2019une \u00e9l\u00e9gance intemporelle.\" \/>\n<meta name=\"robots\" content=\"index, follow, max-snippet:-1, max-image-preview:large, max-video-preview:-1\" \/>\n<link rel=\"canonical\" href=\"https:\/\/www.vinhoselection.com\/blog\/2025\/11\/06\/chronique-dun-vignoble-en-mouvement-la-rioja\/\" \/>\n<meta property=\"og:locale\" content=\"fr_FR\" \/>\n<meta property=\"og:type\" content=\"article\" \/>\n<meta property=\"og:title\" content=\"Chronique d\u2019un vignoble en mouvement\u00a0: la Rioja - Vinho S\u00e9lection - Le Blog\" \/>\n<meta property=\"og:description\" content=\"Rioja, joyau de l\u2019Espagne, allie h\u00e9ritage, diversit\u00e9 de terroirs et innovation pour des vins rouges et blancs d\u2019une \u00e9l\u00e9gance intemporelle.\" \/>\n<meta property=\"og:url\" content=\"https:\/\/www.vinhoselection.com\/blog\/2025\/11\/06\/chronique-dun-vignoble-en-mouvement-la-rioja\/\" \/>\n<meta property=\"og:site_name\" content=\"Vinho S\u00e9lection - Le Blog\" \/>\n<meta property=\"article:published_time\" content=\"2025-11-06T11:43:27+00:00\" \/>\n<meta property=\"og:image\" content=\"https:\/\/www.vinhoselection.com\/blog\/wp-content\/uploads\/2025\/10\/1-1024x577.png\" \/>\n\t<meta property=\"og:image:width\" content=\"1024\" \/>\n\t<meta property=\"og:image:height\" content=\"577\" \/>\n\t<meta property=\"og:image:type\" content=\"image\/png\" \/>\n<meta name=\"author\" content=\"Vinho S\u00e9lection\" \/>\n<meta name=\"twitter:card\" content=\"summary_large_image\" \/>\n<meta name=\"twitter:label1\" content=\"\u00c9crit par\" \/>\n\t<meta name=\"twitter:data1\" content=\"Vinho S\u00e9lection\" \/>\n\t<meta name=\"twitter:label2\" content=\"Dur\u00e9e de lecture estim\u00e9e\" \/>\n\t<meta name=\"twitter:data2\" content=\"4 minutes\" \/>\n<script type=\"application\/ld+json\" class=\"yoast-schema-graph\">{\"@context\":\"https:\/\/schema.org\",\"@graph\":[{\"@type\":\"Article\",\"@id\":\"https:\/\/www.vinhoselection.com\/blog\/2025\/11\/06\/chronique-dun-vignoble-en-mouvement-la-rioja\/#article\",\"isPartOf\":{\"@id\":\"https:\/\/www.vinhoselection.com\/blog\/2025\/11\/06\/chronique-dun-vignoble-en-mouvement-la-rioja\/\"},\"author\":{\"name\":\"Vinho S\u00e9lection\",\"@id\":\"https:\/\/www.vinhoselection.com\/blog\/#\/schema\/person\/005afe6cfad81e36a1b0f78a3e295f2d\"},\"headline\":\"Chronique d\u2019un vignoble en mouvement\u00a0: la Rioja\",\"datePublished\":\"2025-11-06T11:43:27+00:00\",\"dateModified\":\"2025-11-06T11:43:27+00:00\",\"mainEntityOfPage\":{\"@id\":\"https:\/\/www.vinhoselection.com\/blog\/2025\/11\/06\/chronique-dun-vignoble-en-mouvement-la-rioja\/\"},\"wordCount\":719,\"commentCount\":0,\"publisher\":{\"@id\":\"https:\/\/www.vinhoselection.com\/blog\/#organization\"},\"keywords\":[\"espagne\",\"rioja\",\"vins du monde\",\"vins \u00e9trangers\"],\"articleSection\":[\"Vignobles\"],\"inLanguage\":\"fr-FR\",\"potentialAction\":[{\"@type\":\"CommentAction\",\"name\":\"Comment\",\"target\":[\"https:\/\/www.vinhoselection.com\/blog\/2025\/11\/06\/chronique-dun-vignoble-en-mouvement-la-rioja\/#respond\"]}]},{\"@type\":\"WebPage\",\"@id\":\"https:\/\/www.vinhoselection.com\/blog\/2025\/11\/06\/chronique-dun-vignoble-en-mouvement-la-rioja\/\",\"url\":\"https:\/\/www.vinhoselection.com\/blog\/2025\/11\/06\/chronique-dun-vignoble-en-mouvement-la-rioja\/\",\"name\":\"Chronique d\u2019un vignoble en mouvement\u00a0: la Rioja - Vinho S\u00e9lection - Le Blog\",\"isPartOf\":{\"@id\":\"https:\/\/www.vinhoselection.com\/blog\/#website\"},\"datePublished\":\"2025-11-06T11:43:27+00:00\",\"dateModified\":\"2025-11-06T11:43:27+00:00\",\"description\":\"Rioja, joyau de l\u2019Espagne, allie h\u00e9ritage, diversit\u00e9 de terroirs et innovation pour des vins rouges et blancs d\u2019une \u00e9l\u00e9gance intemporelle.\",\"breadcrumb\":{\"@id\":\"https:\/\/www.vinhoselection.com\/blog\/2025\/11\/06\/chronique-dun-vignoble-en-mouvement-la-rioja\/#breadcrumb\"},\"inLanguage\":\"fr-FR\",\"potentialAction\":[{\"@type\":\"ReadAction\",\"target\":[\"https:\/\/www.vinhoselection.com\/blog\/2025\/11\/06\/chronique-dun-vignoble-en-mouvement-la-rioja\/\"]}]},{\"@type\":\"BreadcrumbList\",\"@id\":\"https:\/\/www.vinhoselection.com\/blog\/2025\/11\/06\/chronique-dun-vignoble-en-mouvement-la-rioja\/#breadcrumb\",\"itemListElement\":[{\"@type\":\"ListItem\",\"position\":1,\"name\":\"Accueil\",\"item\":\"https:\/\/www.vinhoselection.com\/blog\/\"},{\"@type\":\"ListItem\",\"position\":2,\"name\":\"Chronique d\u2019un vignoble en mouvement\u00a0: la Rioja\"}]},{\"@type\":\"WebSite\",\"@id\":\"https:\/\/www.vinhoselection.com\/blog\/#website\",\"url\":\"https:\/\/www.vinhoselection.com\/blog\/\",\"name\":\"Vinho S\u00e9lection - Le Blog\",\"description\":\"\",\"publisher\":{\"@id\":\"https:\/\/www.vinhoselection.com\/blog\/#organization\"},\"potentialAction\":[{\"@type\":\"SearchAction\",\"target\":{\"@type\":\"EntryPoint\",\"urlTemplate\":\"https:\/\/www.vinhoselection.com\/blog\/?s={search_term_string}\"},\"query-input\":\"required name=search_term_string\"}],\"inLanguage\":\"fr-FR\"},{\"@type\":\"Organization\",\"@id\":\"https:\/\/www.vinhoselection.com\/blog\/#organization\",\"name\":\"Vinho S\u00e9lection\",\"url\":\"https:\/\/www.vinhoselection.com\/blog\/\",\"logo\":{\"@type\":\"ImageObject\",\"inLanguage\":\"fr-FR\",\"@id\":\"https:\/\/www.vinhoselection.com\/blog\/#\/schema\/logo\/image\/\",\"url\":\"https:\/\/www.vinhoselection.com\/blog\/wp-content\/uploads\/2026\/08\/VinhoSelection_RVB.png\",\"contentUrl\":\"https:\/\/www.vinhoselection.com\/blog\/wp-content\/uploads\/2026\/08\/VinhoSelection_RVB.png\",\"width\":660,\"height\":86,\"caption\":\"Vinho S\u00e9lection\"},\"image\":{\"@id\":\"https:\/\/www.vinhoselection.com\/blog\/#\/schema\/logo\/image\/\"}},{\"@type\":\"Person\",\"@id\":\"https:\/\/www.vinhoselection.com\/blog\/#\/schema\/person\/005afe6cfad81e36a1b0f78a3e295f2d\",\"name\":\"Vinho S\u00e9lection\",\"image\":{\"@type\":\"ImageObject\",\"inLanguage\":\"fr-FR\",\"@id\":\"https:\/\/www.vinhoselection.com\/blog\/#\/schema\/person\/image\/\",\"url\":\"https:\/\/secure.gravatar.com\/avatar\/3972f99bab68245bb83f2630ef07af25?s=96&d=mm&r=g\",\"contentUrl\":\"https:\/\/secure.gravatar.com\/avatar\/3972f99bab68245bb83f2630ef07af25?s=96&d=mm&r=g\",\"caption\":\"Vinho S\u00e9lection\"},\"sameAs\":[\"https:\/\/www.vinhoselection.com\/blog\"],\"url\":\"https:\/\/www.vinhoselection.com\/blog\/author\/18vinhoweb\/\"}]}<\/script>\n<!-- \/ Yoast SEO plugin. -->","yoast_head_json":{"title":"Chronique d\u2019un vignoble en mouvement\u00a0: la Rioja - Vinho S\u00e9lection - Le Blog","description":"Rioja, joyau de l\u2019Espagne, allie h\u00e9ritage, diversit\u00e9 de terroirs et innovation pour des vins rouges et blancs d\u2019une \u00e9l\u00e9gance intemporelle.","robots":{"index":"index","follow":"follow","max-snippet":"max-snippet:-1","max-image-preview":"max-image-preview:large","max-video-preview":"max-video-preview:-1"},"canonical":"https:\/\/www.vinhoselection.com\/blog\/2025\/11\/06\/chronique-dun-vignoble-en-mouvement-la-rioja\/","og_locale":"fr_FR","og_type":"article","og_title":"Chronique d\u2019un vignoble en mouvement\u00a0: la Rioja - Vinho S\u00e9lection - Le Blog","og_description":"Rioja, joyau de l\u2019Espagne, allie h\u00e9ritage, diversit\u00e9 de terroirs et innovation pour des vins rouges et blancs d\u2019une \u00e9l\u00e9gance intemporelle.","og_url":"https:\/\/www.vinhoselection.com\/blog\/2025\/11\/06\/chronique-dun-vignoble-en-mouvement-la-rioja\/","og_site_name":"Vinho S\u00e9lection - Le Blog","article_published_time":"2025-11-06T11:43:27+00:00","og_image":[{"width":1024,"height":577,"url":"https:\/\/www.vinhoselection.com\/blog\/wp-content\/uploads\/2025\/10\/1-1024x577.png","type":"image\/png"}],"author":"Vinho S\u00e9lection","twitter_card":"summary_large_image","twitter_misc":{"\u00c9crit par":"Vinho S\u00e9lection","Dur\u00e9e de lecture estim\u00e9e":"4 minutes"},"schema":{"@context":"https:\/\/schema.org","@graph":[{"@type":"Article","@id":"https:\/\/www.vinhoselection.com\/blog\/2025\/11\/06\/chronique-dun-vignoble-en-mouvement-la-rioja\/#article","isPartOf":{"@id":"https:\/\/www.vinhoselection.com\/blog\/2025\/11\/06\/chronique-dun-vignoble-en-mouvement-la-rioja\/"},"author":{"name":"Vinho S\u00e9lection","@id":"https:\/\/www.vinhoselection.com\/blog\/#\/schema\/person\/005afe6cfad81e36a1b0f78a3e295f2d"},"headline":"Chronique d\u2019un vignoble en mouvement\u00a0: la Rioja","datePublished":"2025-11-06T11:43:27+00:00","dateModified":"2025-11-06T11:43:27+00:00","mainEntityOfPage":{"@id":"https:\/\/www.vinhoselection.com\/blog\/2025\/11\/06\/chronique-dun-vignoble-en-mouvement-la-rioja\/"},"wordCount":719,"commentCount":0,"publisher":{"@id":"https:\/\/www.vinhoselection.com\/blog\/#organization"},"keywords":["espagne","rioja","vins du monde","vins \u00e9trangers"],"articleSection":["Vignobles"],"inLanguage":"fr-FR","potentialAction":[{"@type":"CommentAction","name":"Comment","target":["https:\/\/www.vinhoselection.com\/blog\/2025\/11\/06\/chronique-dun-vignoble-en-mouvement-la-rioja\/#respond"]}]},{"@type":"WebPage","@id":"https:\/\/www.vinhoselection.com\/blog\/2025\/11\/06\/chronique-dun-vignoble-en-mouvement-la-rioja\/","url":"https:\/\/www.vinhoselection.com\/blog\/2025\/11\/06\/chronique-dun-vignoble-en-mouvement-la-rioja\/","name":"Chronique d\u2019un vignoble en mouvement\u00a0: la Rioja - Vinho S\u00e9lection - Le Blog","isPartOf":{"@id":"https:\/\/www.vinhoselection.com\/blog\/#website"},"datePublished":"2025-11-06T11:43:27+00:00","dateModified":"2025-11-06T11:43:27+00:00","description":"Rioja, joyau de l\u2019Espagne, allie h\u00e9ritage, diversit\u00e9 de terroirs et innovation pour des vins rouges et blancs d\u2019une \u00e9l\u00e9gance intemporelle.","breadcrumb":{"@id":"https:\/\/www.vinhoselection.com\/blog\/2025\/11\/06\/chronique-dun-vignoble-en-mouvement-la-rioja\/#breadcrumb"},"inLanguage":"fr-FR","potentialAction":[{"@type":"ReadAction","target":["https:\/\/www.vinhoselection.com\/blog\/2025\/11\/06\/chronique-dun-vignoble-en-mouvement-la-rioja\/"]}]},{"@type":"BreadcrumbList","@id":"https:\/\/www.vinhoselection.com\/blog\/2025\/11\/06\/chronique-dun-vignoble-en-mouvement-la-rioja\/#breadcrumb","itemListElement":[{"@type":"ListItem","position":1,"name":"Accueil","item":"https:\/\/www.vinhoselection.com\/blog\/"},{"@type":"ListItem","position":2,"name":"Chronique d\u2019un vignoble en mouvement\u00a0: la Rioja"}]},{"@type":"WebSite","@id":"https:\/\/www.vinhoselection.com\/blog\/#website","url":"https:\/\/www.vinhoselection.com\/blog\/","name":"Vinho S\u00e9lection - Le Blog","description":"","publisher":{"@id":"https:\/\/www.vinhoselection.com\/blog\/#organization"},"potentialAction":[{"@type":"SearchAction","target":{"@type":"EntryPoint","urlTemplate":"https:\/\/www.vinhoselection.com\/blog\/?s={search_term_string}"},"query-input":"required name=search_term_string"}],"inLanguage":"fr-FR"},{"@type":"Organization","@id":"https:\/\/www.vinhoselection.com\/blog\/#organization","name":"Vinho S\u00e9lection","url":"https:\/\/www.vinhoselection.com\/blog\/","logo":{"@type":"ImageObject","inLanguage":"fr-FR","@id":"https:\/\/www.vinhoselection.com\/blog\/#\/schema\/logo\/image\/","url":"https:\/\/www.vinhoselection.com\/blog\/wp-content\/uploads\/2026\/08\/VinhoSelection_RVB.png","contentUrl":"https:\/\/www.vinhoselection.com\/blog\/wp-content\/uploads\/2026\/08\/VinhoSelection_RVB.png","width":660,"height":86,"caption":"Vinho S\u00e9lection"},"image":{"@id":"https:\/\/www.vinhoselection.com\/blog\/#\/schema\/logo\/image\/"}},{"@type":"Person","@id":"https:\/\/www.vinhoselection.com\/blog\/#\/schema\/person\/005afe6cfad81e36a1b0f78a3e295f2d","name":"Vinho S\u00e9lection","image":{"@type":"ImageObject","inLanguage":"fr-FR","@id":"https:\/\/www.vinhoselection.com\/blog\/#\/schema\/person\/image\/","url":"https:\/\/secure.gravatar.com\/avatar\/3972f99bab68245bb83f2630ef07af25?s=96&d=mm&r=g","contentUrl":"https:\/\/secure.gravatar.com\/avatar\/3972f99bab68245bb83f2630ef07af25?s=96&d=mm&r=g","caption":"Vinho S\u00e9lection"},"sameAs":["https:\/\/www.vinhoselection.com\/blog"],"url":"https:\/\/www.vinhoselection.com\/blog\/author\/18vinhoweb\/"}]}},"_links":{"self":[{"href":"https:\/\/www.vinhoselection.com\/blog\/wp-json\/wp\/v2\/posts\/829"}],"collection":[{"href":"https:\/\/www.vinhoselection.com\/blog\/wp-json\/wp\/v2\/posts"}],"about":[{"href":"https:\/\/www.vinhoselection.com\/blog\/wp-json\/wp\/v2\/types\/post"}],"author":[{"embeddable":true,"href":"https:\/\/www.vinhoselection.com\/blog\/wp-json\/wp\/v2\/users\/1"}],"replies":[{"embeddable":true,"href":"https:\/\/www.vinhoselection.com\/blog\/wp-json\/wp\/v2\/comments?post=829"}],"version-history":[{"count":2,"href":"https:\/\/www.vinhoselection.com\/blog\/wp-json\/wp\/v2\/posts\/829\/revisions"}],"predecessor-version":[{"id":840,"href":"https:\/\/www.vinhoselection.com\/blog\/wp-json\/wp\/v2\/posts\/829\/revisions\/840"}],"wp:featuredmedia":[{"embeddable":true,"href":"https:\/\/www.vinhoselection.com\/blog\/wp-json\/wp\/v2\/media\/830"}],"wp:attachment":[{"href":"https:\/\/www.vinhoselection.com\/blog\/wp-json\/wp\/v2\/media?parent=829"}],"wp:term":[{"taxonomy":"category","embeddable":true,"href":"https:\/\/www.vinhoselection.com\/blog\/wp-json\/wp\/v2\/categories?post=829"},{"taxonomy":"post_tag","embeddable":true,"href":"https:\/\/www.vinhoselection.com\/blog\/wp-json\/wp\/v2\/tags?post=829"}],"curies":[{"name":"wp","href":"https:\/\/api.w.org\/{rel}","templated":true}]}}