{"id":724,"date":"2025-02-19T10:32:50","date_gmt":"2025-02-19T09:32:50","guid":{"rendered":"https:\/\/www.vinhoselection.com\/blog\/?p=724"},"modified":"2025-02-19T10:32:51","modified_gmt":"2025-02-19T09:32:51","slug":"au-coeur-des-vins-blancs-du-portugal-avec-lalvarinho","status":"publish","type":"post","link":"https:\/\/www.vinhoselection.com\/blog\/2025\/02\/19\/au-coeur-des-vins-blancs-du-portugal-avec-lalvarinho\/","title":{"rendered":"Au c\u0153ur des vins blancs du Portugal avec l\u2019Alvarinho"},"content":{"rendered":"\n<p><strong>Sur les r\u00e9gions c\u00f4ti\u00e8res du Portugal et de <\/strong><a href=\"https:\/\/www.vinhoselection.com\/blog\/2023\/10\/12\/lespagne-vins-races-et-bodegas-a-perte-de-vue\/\"><strong>l\u2019Espagne<\/strong><\/a><strong>, l\u2019Alvarinho transmet son dynamisme et sa polyvalence \u00e0 travers une large gamme de vins, allant des plus frais aux plus complexes et structur\u00e9s. Mais son potentiel d\u2019adaptation en fait un c\u00e9page prometteur pour les viticulteurs du monde entier.<\/strong><\/p>\n\n\n\n<h2 class=\"wp-block-heading\"><strong>Un c\u00e9page ancestral et versatile<\/strong><\/h2>\n\n\n\n<p>Vari\u00e9t\u00e9 m\u00e9diterran\u00e9enne par excellence, l\u2019Alvarinho plonge ses racines \u00e0 la fois dans la r\u00e9gion du Minho, dans le nord-ouest du Portugal, et en Galice espagnole. Il y est cultiv\u00e9 depuis des si\u00e8cles, bien que son origine exacte fasse encore d\u00e9bat parmi les experts de la fili\u00e8re. Alors que certains le pensent arriv\u00e9 ici \u00e0 l\u2019\u00e9poque romaine, d\u2019autres estiment que son implantation serait li\u00e9e aux commer\u00e7ants et voyageurs du Moyen \u00c2ge.<\/p>\n\n\n\n<p>Son nom serait un d\u00e9riv\u00e9 du mot \u00ab&nbsp;alvar&nbsp;\u00bb qui signifie \u00ab&nbsp;blanc&nbsp;\u00bb en portugais. Logique puisqu\u2019il s\u2019agit de la couleur de ses baies et des vins qu\u2019il d\u00e9livre. C\u2019est un c\u00e9page sensible, qui exige des conditions de culture particuli\u00e8res pour donner le meilleur de lui-m\u00eame. Il se compla\u00eet dans les climats frais et humides, et appr\u00e9cie des sols bien drain\u00e9s. On le croise d\u2019ailleurs souvent dans des zones proches de la mer, aux influences maritimes et aux temp\u00e9ratures mod\u00e9r\u00e9es. Les vignerons pr\u00e9f\u00e8rent le tailler de mani\u00e8re \u00e0 limiter les rendements et favoriser la concentration de ses ar\u00f4mes. Bien que relativement vuln\u00e9rable aux maladies, l\u2019Alvarinho reste flexible et facilement adaptable \u00e0 divers types de terroirs. Il m\u00fbrit assez tardivement, ce qui lui permet de conserver une belle acidit\u00e9.<\/p>\n\n\n\n<h2 class=\"wp-block-heading\"><strong>De Vinho Verde \u00e0 R\u00edas Baixas<\/strong><\/h2>\n\n\n\n<p>Il s\u2019\u00e9panouit \u00e9galement avec succ\u00e8s ailleurs, mais on l\u2019associe majoritairement \u00e0 la r\u00e9gion viticole du Vinho Verde. Ici r\u00e8gle un climat oc\u00e9anique, avec des \u00e9t\u00e9s empreints de fra\u00eecheur et des hivers doux. Les vignes puisent leur personnalit\u00e9 dans les argiles et les schistes. R\u00e9sultat, des cuv\u00e9es l\u00e9g\u00e8res et pleines de vivacit\u00e9. En assemblage ou en monoc\u00e9page, l\u2019Alvarinho y d\u00e9voile des parfums de fruits blancs et d\u2019agrumes, ainsi qu\u2019une subtile effervescence naturelle dans le cas des Vinho Verde p\u00e9tillants.<\/p>\n\n\n\n<figure class=\"wp-block-image size-large\"><img loading=\"lazy\" decoding=\"async\" width=\"1024\" height=\"692\" src=\"https:\/\/www.vinhoselection.com\/blog\/wp-content\/uploads\/2025\/02\/lapela-1024x692.jpg\" alt=\"\" class=\"wp-image-725\" srcset=\"https:\/\/www.vinhoselection.com\/blog\/wp-content\/uploads\/2025\/02\/lapela-1024x692.jpg 1024w, https:\/\/www.vinhoselection.com\/blog\/wp-content\/uploads\/2025\/02\/lapela-300x203.jpg 300w, https:\/\/www.vinhoselection.com\/blog\/wp-content\/uploads\/2025\/02\/lapela-768x519.jpg 768w, https:\/\/www.vinhoselection.com\/blog\/wp-content\/uploads\/2025\/02\/lapela.jpg 1280w\" sizes=\"(max-width: 1024px) 100vw, 1024px\" \/><\/figure>\n\n\n\n<p><\/p>\n\n\n\n<p>Dans le Douro, plus connu pour les rouges puissants et les c\u00e9l\u00e8bres Porto, on \u00e9labore aussi des blancs de qualit\u00e9 faisant la part belle \u00e0 l\u2019Alvarinho. On le vinifie couramment en compagnie du Viosinho ou du Gouvejo, pour plus de structure et de complexit\u00e9. Sa mati\u00e8re ample, elle, est attribu\u00e9e aux temp\u00e9ratures chaleureuses. \u00c0 Alentejo, il est certes moins r\u00e9pandu mais offre de la rondeur, un fruit\u00e9 m\u00fbr et des notes bois\u00e9es lors d\u2019un \u00e9levage en f\u00fbts de ch\u00eane. Enfin, l\u2019une de ses appellations phares est R\u00edas Baixas, en Galice. Humidit\u00e9, fra\u00eecheur, sables, granites, tout est r\u00e9uni pour obtenir une expression pure de ce c\u00e9page. Ses vins font preuve d\u2019une remarquable richesse aromatique, de gras et de profondeur, avec toujours cette acidit\u00e9 caract\u00e9ristique qui \u00e9quilibre l\u2019ensemble et emp\u00eache toute lourdeur.<\/p>\n\n\n\n<h2 class=\"wp-block-heading\"><strong>Lagoalva Branco, vivacit\u00e9 et harmonie<\/strong><\/h2>\n\n\n\n<p>Bienvenue dans la Quinta da Lagoalva, une vaste propri\u00e9t\u00e9 \u00e0 Ribatejo, au nord de Lisbonne. On y cultivait d\u00e9j\u00e0 la vigne au XIX\u00e8me si\u00e8cle. Un savoir-faire transmis depuis de g\u00e9n\u00e9ration en g\u00e9n\u00e9ration, avec pour objectif de fa\u00e7onner des cuv\u00e9es fid\u00e8les au terroir. Sur quelques 50 hectares de superficie, des c\u00e9pages r\u00e9gionaux tels que l\u2019Alvarinho, le Touriga Nacional, l\u2019Alfrocheiro ou encore le Tinta Roriz prosp\u00e8rent sur des sols sablonneux riches en alluvions.<\/p>\n\n\n\n<p>De ce terrain propice, ils tirent <a href=\"https:\/\/www.vinhoselection.com\/vin\/lagoalva-branco-2022\/282\/\">Lagoalva Branco 2022<\/a>. Les raisins sont r\u00e9colt\u00e9s de nuit et b\u00e9n\u00e9ficient d\u2019une mac\u00e9ration pr\u00e9-fermentaire durant 2 jours. Les diff\u00e9rentes vari\u00e9t\u00e9s, soit l\u2019Alvarinho, le Sauvignon Blanc, le Verdelho, le Fern\u00e3o Pires et l\u2019Arinto, sont vinifi\u00e9es s\u00e9par\u00e9ment avant l\u2019assemblage. Derri\u00e8re sa robe jaune p\u00e2le, des fragrances de citron et de fruits tropicaux se d\u00e9gagent. De l\u2019acidit\u00e9, une fra\u00eecheur magnifique et un bon \u00e9quilibre.<\/p>\n\n\n\n<p class=\"has-text-align-center\"><a href=\"https:\/\/www.vinhoselection.com\/vin\/lagoalva-branco-2022\/282\/\"><strong>D\u00e9couvrez Lagoalva Branco 2022<\/strong><\/a><\/p>\n\n\n\n<figure class=\"wp-block-image size-large\"><img loading=\"lazy\" decoding=\"async\" width=\"1024\" height=\"1024\" src=\"https:\/\/www.vinhoselection.com\/blog\/wp-content\/uploads\/2025\/02\/Enoturismo-Experiencias-2-1024x1024.jpg\" alt=\"\" class=\"wp-image-727\" srcset=\"https:\/\/www.vinhoselection.com\/blog\/wp-content\/uploads\/2025\/02\/Enoturismo-Experiencias-2-1024x1024.jpg 1024w, https:\/\/www.vinhoselection.com\/blog\/wp-content\/uploads\/2025\/02\/Enoturismo-Experiencias-2-300x300.jpg 300w, https:\/\/www.vinhoselection.com\/blog\/wp-content\/uploads\/2025\/02\/Enoturismo-Experiencias-2-150x150.jpg 150w, https:\/\/www.vinhoselection.com\/blog\/wp-content\/uploads\/2025\/02\/Enoturismo-Experiencias-2-768x768.jpg 768w, https:\/\/www.vinhoselection.com\/blog\/wp-content\/uploads\/2025\/02\/Enoturismo-Experiencias-2.jpg 1080w\" sizes=\"(max-width: 1024px) 100vw, 1024px\" \/><\/figure>\n","protected":false},"excerpt":{"rendered":"<p>Sur les r\u00e9gions c\u00f4ti\u00e8res du Portugal et de l\u2019Espagne, l\u2019Alvarinho transmet son dynamisme et sa polyvalence \u00e0 travers une large gamme de vins, allant des plus frais aux plus complexes et structur\u00e9s. Mais son potentiel d\u2019adaptation en fait un c\u00e9page prometteur pour les viticulteurs du monde entier.<\/p>\n","protected":false},"author":1,"featured_media":726,"comment_status":"open","ping_status":"open","sticky":false,"template":"","format":"standard","meta":{"footnotes":""},"categories":[5,39],"tags":[51,70,71],"yoast_head":"<!-- This site is optimized with the Yoast SEO plugin v19.12 - https:\/\/yoast.com\/wordpress\/plugins\/seo\/ -->\n<title>Au c\u0153ur des vins blancs du Portugal avec l\u2019Alvarinho - Vinho S\u00e9lection - Le Blog<\/title>\n<meta name=\"description\" content=\"Partez \u00e0 la rencontre de l&#039;Alvarinho, un c\u00e9page dynamique et polyvalent, allant des vins frais aux plus complexes, qui brille au Portugal.\" \/>\n<meta name=\"robots\" content=\"index, follow, max-snippet:-1, max-image-preview:large, max-video-preview:-1\" \/>\n<link rel=\"canonical\" href=\"https:\/\/www.vinhoselection.com\/blog\/2025\/02\/19\/au-coeur-des-vins-blancs-du-portugal-avec-lalvarinho\/\" \/>\n<meta property=\"og:locale\" content=\"fr_FR\" \/>\n<meta property=\"og:type\" content=\"article\" \/>\n<meta property=\"og:title\" content=\"Au c\u0153ur des vins blancs du Portugal avec l\u2019Alvarinho - Vinho S\u00e9lection - Le Blog\" \/>\n<meta property=\"og:description\" content=\"Partez \u00e0 la rencontre de l&#039;Alvarinho, un c\u00e9page dynamique et polyvalent, allant des vins frais aux plus complexes, qui brille au Portugal.\" \/>\n<meta property=\"og:url\" content=\"https:\/\/www.vinhoselection.com\/blog\/2025\/02\/19\/au-coeur-des-vins-blancs-du-portugal-avec-lalvarinho\/\" \/>\n<meta property=\"og:site_name\" content=\"Vinho S\u00e9lection - Le Blog\" \/>\n<meta property=\"article:published_time\" content=\"2025-02-19T09:32:50+00:00\" \/>\n<meta property=\"article:modified_time\" content=\"2025-02-19T09:32:51+00:00\" \/>\n<meta property=\"og:image\" content=\"https:\/\/www.vinhoselection.com\/blog\/wp-content\/uploads\/2025\/02\/Alvarinho-1024x637.png\" \/>\n\t<meta property=\"og:image:width\" content=\"1024\" \/>\n\t<meta property=\"og:image:height\" content=\"637\" \/>\n\t<meta property=\"og:image:type\" content=\"image\/png\" \/>\n<meta name=\"author\" content=\"Vinho S\u00e9lection\" \/>\n<meta name=\"twitter:card\" content=\"summary_large_image\" \/>\n<meta name=\"twitter:label1\" content=\"\u00c9crit par\" \/>\n\t<meta name=\"twitter:data1\" content=\"Vinho S\u00e9lection\" \/>\n\t<meta name=\"twitter:label2\" content=\"Dur\u00e9e de lecture estim\u00e9e\" \/>\n\t<meta name=\"twitter:data2\" content=\"4 minutes\" \/>\n<script type=\"application\/ld+json\" class=\"yoast-schema-graph\">{\"@context\":\"https:\/\/schema.org\",\"@graph\":[{\"@type\":\"Article\",\"@id\":\"https:\/\/www.vinhoselection.com\/blog\/2025\/02\/19\/au-coeur-des-vins-blancs-du-portugal-avec-lalvarinho\/#article\",\"isPartOf\":{\"@id\":\"https:\/\/www.vinhoselection.com\/blog\/2025\/02\/19\/au-coeur-des-vins-blancs-du-portugal-avec-lalvarinho\/\"},\"author\":{\"name\":\"Vinho S\u00e9lection\",\"@id\":\"https:\/\/www.vinhoselection.com\/blog\/#\/schema\/person\/005afe6cfad81e36a1b0f78a3e295f2d\"},\"headline\":\"Au c\u0153ur des vins blancs du Portugal avec l\u2019Alvarinho\",\"datePublished\":\"2025-02-19T09:32:50+00:00\",\"dateModified\":\"2025-02-19T09:32:51+00:00\",\"mainEntityOfPage\":{\"@id\":\"https:\/\/www.vinhoselection.com\/blog\/2025\/02\/19\/au-coeur-des-vins-blancs-du-portugal-avec-lalvarinho\/\"},\"wordCount\":733,\"commentCount\":0,\"publisher\":{\"@id\":\"https:\/\/www.vinhoselection.com\/blog\/#organization\"},\"keywords\":[\"c\u00e9page\",\"vins du monde\",\"vins \u00e9trangers\"],\"articleSection\":[\"C\u00e9pages\",\"Tous les articles\"],\"inLanguage\":\"fr-FR\",\"potentialAction\":[{\"@type\":\"CommentAction\",\"name\":\"Comment\",\"target\":[\"https:\/\/www.vinhoselection.com\/blog\/2025\/02\/19\/au-coeur-des-vins-blancs-du-portugal-avec-lalvarinho\/#respond\"]}]},{\"@type\":\"WebPage\",\"@id\":\"https:\/\/www.vinhoselection.com\/blog\/2025\/02\/19\/au-coeur-des-vins-blancs-du-portugal-avec-lalvarinho\/\",\"url\":\"https:\/\/www.vinhoselection.com\/blog\/2025\/02\/19\/au-coeur-des-vins-blancs-du-portugal-avec-lalvarinho\/\",\"name\":\"Au c\u0153ur des vins blancs du Portugal avec l\u2019Alvarinho - Vinho S\u00e9lection - Le Blog\",\"isPartOf\":{\"@id\":\"https:\/\/www.vinhoselection.com\/blog\/#website\"},\"datePublished\":\"2025-02-19T09:32:50+00:00\",\"dateModified\":\"2025-02-19T09:32:51+00:00\",\"description\":\"Partez \u00e0 la rencontre de l'Alvarinho, un c\u00e9page dynamique et polyvalent, allant des vins frais aux plus complexes, qui brille au Portugal.\",\"breadcrumb\":{\"@id\":\"https:\/\/www.vinhoselection.com\/blog\/2025\/02\/19\/au-coeur-des-vins-blancs-du-portugal-avec-lalvarinho\/#breadcrumb\"},\"inLanguage\":\"fr-FR\",\"potentialAction\":[{\"@type\":\"ReadAction\",\"target\":[\"https:\/\/www.vinhoselection.com\/blog\/2025\/02\/19\/au-coeur-des-vins-blancs-du-portugal-avec-lalvarinho\/\"]}]},{\"@type\":\"BreadcrumbList\",\"@id\":\"https:\/\/www.vinhoselection.com\/blog\/2025\/02\/19\/au-coeur-des-vins-blancs-du-portugal-avec-lalvarinho\/#breadcrumb\",\"itemListElement\":[{\"@type\":\"ListItem\",\"position\":1,\"name\":\"Accueil\",\"item\":\"https:\/\/www.vinhoselection.com\/blog\/\"},{\"@type\":\"ListItem\",\"position\":2,\"name\":\"Au c\u0153ur des vins blancs du Portugal avec l\u2019Alvarinho\"}]},{\"@type\":\"WebSite\",\"@id\":\"https:\/\/www.vinhoselection.com\/blog\/#website\",\"url\":\"https:\/\/www.vinhoselection.com\/blog\/\",\"name\":\"Vinho S\u00e9lection - Le Blog\",\"description\":\"\",\"publisher\":{\"@id\":\"https:\/\/www.vinhoselection.com\/blog\/#organization\"},\"potentialAction\":[{\"@type\":\"SearchAction\",\"target\":{\"@type\":\"EntryPoint\",\"urlTemplate\":\"https:\/\/www.vinhoselection.com\/blog\/?s={search_term_string}\"},\"query-input\":\"required name=search_term_string\"}],\"inLanguage\":\"fr-FR\"},{\"@type\":\"Organization\",\"@id\":\"https:\/\/www.vinhoselection.com\/blog\/#organization\",\"name\":\"Vinho S\u00e9lection\",\"url\":\"https:\/\/www.vinhoselection.com\/blog\/\",\"logo\":{\"@type\":\"ImageObject\",\"inLanguage\":\"fr-FR\",\"@id\":\"https:\/\/www.vinhoselection.com\/blog\/#\/schema\/logo\/image\/\",\"url\":\"https:\/\/www.vinhoselection.com\/blog\/wp-content\/uploads\/2026\/08\/VinhoSelection_RVB.png\",\"contentUrl\":\"https:\/\/www.vinhoselection.com\/blog\/wp-content\/uploads\/2026\/08\/VinhoSelection_RVB.png\",\"width\":660,\"height\":86,\"caption\":\"Vinho S\u00e9lection\"},\"image\":{\"@id\":\"https:\/\/www.vinhoselection.com\/blog\/#\/schema\/logo\/image\/\"}},{\"@type\":\"Person\",\"@id\":\"https:\/\/www.vinhoselection.com\/blog\/#\/schema\/person\/005afe6cfad81e36a1b0f78a3e295f2d\",\"name\":\"Vinho S\u00e9lection\",\"image\":{\"@type\":\"ImageObject\",\"inLanguage\":\"fr-FR\",\"@id\":\"https:\/\/www.vinhoselection.com\/blog\/#\/schema\/person\/image\/\",\"url\":\"https:\/\/secure.gravatar.com\/avatar\/3972f99bab68245bb83f2630ef07af25?s=96&d=mm&r=g\",\"contentUrl\":\"https:\/\/secure.gravatar.com\/avatar\/3972f99bab68245bb83f2630ef07af25?s=96&d=mm&r=g\",\"caption\":\"Vinho S\u00e9lection\"},\"sameAs\":[\"https:\/\/www.vinhoselection.com\/blog\"],\"url\":\"https:\/\/www.vinhoselection.com\/blog\/author\/18vinhoweb\/\"}]}<\/script>\n<!-- \/ Yoast SEO plugin. -->","yoast_head_json":{"title":"Au c\u0153ur des vins blancs du Portugal avec l\u2019Alvarinho - Vinho S\u00e9lection - Le Blog","description":"Partez \u00e0 la rencontre de l'Alvarinho, un c\u00e9page dynamique et polyvalent, allant des vins frais aux plus complexes, qui brille au Portugal.","robots":{"index":"index","follow":"follow","max-snippet":"max-snippet:-1","max-image-preview":"max-image-preview:large","max-video-preview":"max-video-preview:-1"},"canonical":"https:\/\/www.vinhoselection.com\/blog\/2025\/02\/19\/au-coeur-des-vins-blancs-du-portugal-avec-lalvarinho\/","og_locale":"fr_FR","og_type":"article","og_title":"Au c\u0153ur des vins blancs du Portugal avec l\u2019Alvarinho - Vinho S\u00e9lection - Le Blog","og_description":"Partez \u00e0 la rencontre de l'Alvarinho, un c\u00e9page dynamique et polyvalent, allant des vins frais aux plus complexes, qui brille au Portugal.","og_url":"https:\/\/www.vinhoselection.com\/blog\/2025\/02\/19\/au-coeur-des-vins-blancs-du-portugal-avec-lalvarinho\/","og_site_name":"Vinho S\u00e9lection - Le Blog","article_published_time":"2025-02-19T09:32:50+00:00","article_modified_time":"2025-02-19T09:32:51+00:00","og_image":[{"width":1024,"height":637,"url":"https:\/\/www.vinhoselection.com\/blog\/wp-content\/uploads\/2025\/02\/Alvarinho-1024x637.png","type":"image\/png"}],"author":"Vinho S\u00e9lection","twitter_card":"summary_large_image","twitter_misc":{"\u00c9crit par":"Vinho S\u00e9lection","Dur\u00e9e de lecture estim\u00e9e":"4 minutes"},"schema":{"@context":"https:\/\/schema.org","@graph":[{"@type":"Article","@id":"https:\/\/www.vinhoselection.com\/blog\/2025\/02\/19\/au-coeur-des-vins-blancs-du-portugal-avec-lalvarinho\/#article","isPartOf":{"@id":"https:\/\/www.vinhoselection.com\/blog\/2025\/02\/19\/au-coeur-des-vins-blancs-du-portugal-avec-lalvarinho\/"},"author":{"name":"Vinho S\u00e9lection","@id":"https:\/\/www.vinhoselection.com\/blog\/#\/schema\/person\/005afe6cfad81e36a1b0f78a3e295f2d"},"headline":"Au c\u0153ur des vins blancs du Portugal avec l\u2019Alvarinho","datePublished":"2025-02-19T09:32:50+00:00","dateModified":"2025-02-19T09:32:51+00:00","mainEntityOfPage":{"@id":"https:\/\/www.vinhoselection.com\/blog\/2025\/02\/19\/au-coeur-des-vins-blancs-du-portugal-avec-lalvarinho\/"},"wordCount":733,"commentCount":0,"publisher":{"@id":"https:\/\/www.vinhoselection.com\/blog\/#organization"},"keywords":["c\u00e9page","vins du monde","vins \u00e9trangers"],"articleSection":["C\u00e9pages","Tous les articles"],"inLanguage":"fr-FR","potentialAction":[{"@type":"CommentAction","name":"Comment","target":["https:\/\/www.vinhoselection.com\/blog\/2025\/02\/19\/au-coeur-des-vins-blancs-du-portugal-avec-lalvarinho\/#respond"]}]},{"@type":"WebPage","@id":"https:\/\/www.vinhoselection.com\/blog\/2025\/02\/19\/au-coeur-des-vins-blancs-du-portugal-avec-lalvarinho\/","url":"https:\/\/www.vinhoselection.com\/blog\/2025\/02\/19\/au-coeur-des-vins-blancs-du-portugal-avec-lalvarinho\/","name":"Au c\u0153ur des vins blancs du Portugal avec l\u2019Alvarinho - Vinho S\u00e9lection - Le Blog","isPartOf":{"@id":"https:\/\/www.vinhoselection.com\/blog\/#website"},"datePublished":"2025-02-19T09:32:50+00:00","dateModified":"2025-02-19T09:32:51+00:00","description":"Partez \u00e0 la rencontre de l'Alvarinho, un c\u00e9page dynamique et polyvalent, allant des vins frais aux plus complexes, qui brille au Portugal.","breadcrumb":{"@id":"https:\/\/www.vinhoselection.com\/blog\/2025\/02\/19\/au-coeur-des-vins-blancs-du-portugal-avec-lalvarinho\/#breadcrumb"},"inLanguage":"fr-FR","potentialAction":[{"@type":"ReadAction","target":["https:\/\/www.vinhoselection.com\/blog\/2025\/02\/19\/au-coeur-des-vins-blancs-du-portugal-avec-lalvarinho\/"]}]},{"@type":"BreadcrumbList","@id":"https:\/\/www.vinhoselection.com\/blog\/2025\/02\/19\/au-coeur-des-vins-blancs-du-portugal-avec-lalvarinho\/#breadcrumb","itemListElement":[{"@type":"ListItem","position":1,"name":"Accueil","item":"https:\/\/www.vinhoselection.com\/blog\/"},{"@type":"ListItem","position":2,"name":"Au c\u0153ur des vins blancs du Portugal avec l\u2019Alvarinho"}]},{"@type":"WebSite","@id":"https:\/\/www.vinhoselection.com\/blog\/#website","url":"https:\/\/www.vinhoselection.com\/blog\/","name":"Vinho S\u00e9lection - Le Blog","description":"","publisher":{"@id":"https:\/\/www.vinhoselection.com\/blog\/#organization"},"potentialAction":[{"@type":"SearchAction","target":{"@type":"EntryPoint","urlTemplate":"https:\/\/www.vinhoselection.com\/blog\/?s={search_term_string}"},"query-input":"required name=search_term_string"}],"inLanguage":"fr-FR"},{"@type":"Organization","@id":"https:\/\/www.vinhoselection.com\/blog\/#organization","name":"Vinho S\u00e9lection","url":"https:\/\/www.vinhoselection.com\/blog\/","logo":{"@type":"ImageObject","inLanguage":"fr-FR","@id":"https:\/\/www.vinhoselection.com\/blog\/#\/schema\/logo\/image\/","url":"https:\/\/www.vinhoselection.com\/blog\/wp-content\/uploads\/2026\/08\/VinhoSelection_RVB.png","contentUrl":"https:\/\/www.vinhoselection.com\/blog\/wp-content\/uploads\/2026\/08\/VinhoSelection_RVB.png","width":660,"height":86,"caption":"Vinho S\u00e9lection"},"image":{"@id":"https:\/\/www.vinhoselection.com\/blog\/#\/schema\/logo\/image\/"}},{"@type":"Person","@id":"https:\/\/www.vinhoselection.com\/blog\/#\/schema\/person\/005afe6cfad81e36a1b0f78a3e295f2d","name":"Vinho S\u00e9lection","image":{"@type":"ImageObject","inLanguage":"fr-FR","@id":"https:\/\/www.vinhoselection.com\/blog\/#\/schema\/person\/image\/","url":"https:\/\/secure.gravatar.com\/avatar\/3972f99bab68245bb83f2630ef07af25?s=96&d=mm&r=g","contentUrl":"https:\/\/secure.gravatar.com\/avatar\/3972f99bab68245bb83f2630ef07af25?s=96&d=mm&r=g","caption":"Vinho S\u00e9lection"},"sameAs":["https:\/\/www.vinhoselection.com\/blog"],"url":"https:\/\/www.vinhoselection.com\/blog\/author\/18vinhoweb\/"}]}},"_links":{"self":[{"href":"https:\/\/www.vinhoselection.com\/blog\/wp-json\/wp\/v2\/posts\/724"}],"collection":[{"href":"https:\/\/www.vinhoselection.com\/blog\/wp-json\/wp\/v2\/posts"}],"about":[{"href":"https:\/\/www.vinhoselection.com\/blog\/wp-json\/wp\/v2\/types\/post"}],"author":[{"embeddable":true,"href":"https:\/\/www.vinhoselection.com\/blog\/wp-json\/wp\/v2\/users\/1"}],"replies":[{"embeddable":true,"href":"https:\/\/www.vinhoselection.com\/blog\/wp-json\/wp\/v2\/comments?post=724"}],"version-history":[{"count":2,"href":"https:\/\/www.vinhoselection.com\/blog\/wp-json\/wp\/v2\/posts\/724\/revisions"}],"predecessor-version":[{"id":729,"href":"https:\/\/www.vinhoselection.com\/blog\/wp-json\/wp\/v2\/posts\/724\/revisions\/729"}],"wp:featuredmedia":[{"embeddable":true,"href":"https:\/\/www.vinhoselection.com\/blog\/wp-json\/wp\/v2\/media\/726"}],"wp:attachment":[{"href":"https:\/\/www.vinhoselection.com\/blog\/wp-json\/wp\/v2\/media?parent=724"}],"wp:term":[{"taxonomy":"category","embeddable":true,"href":"https:\/\/www.vinhoselection.com\/blog\/wp-json\/wp\/v2\/categories?post=724"},{"taxonomy":"post_tag","embeddable":true,"href":"https:\/\/www.vinhoselection.com\/blog\/wp-json\/wp\/v2\/tags?post=724"}],"curies":[{"name":"wp","href":"https:\/\/api.w.org\/{rel}","templated":true}]}}