{"id":698,"date":"2025-01-20T10:37:52","date_gmt":"2025-01-20T09:37:52","guid":{"rendered":"https:\/\/www.vinhoselection.com\/blog\/?p=698"},"modified":"2025-01-20T10:37:52","modified_gmt":"2025-01-20T09:37:52","slug":"fruite-et-resistance-en-mediterranee-avec-le-caladoc","status":"publish","type":"post","link":"https:\/\/www.vinhoselection.com\/blog\/2025\/01\/20\/fruite-et-resistance-en-mediterranee-avec-le-caladoc\/","title":{"rendered":"Fruit\u00e9 et r\u00e9sistance en M\u00e9diterran\u00e9e avec le Caladoc\u00a0!"},"content":{"rendered":"\n<p><strong>D\u00e9velopp\u00e9 pour permettre aux vignobles de pallier aux \u00e9volutions climatiques, le Caladoc a su gagner en notori\u00e9t\u00e9 au fil des ann\u00e9es. Ses notes fruit\u00e9es s\u2019expriment du sud de la France au Maroc dans des cuv\u00e9es surprenantes qui ne manqueront pas de vous s\u00e9duire.<\/strong><\/p>\n\n\n\n<h2 class=\"wp-block-heading\">Une vari\u00e9t\u00e9 r\u00e9sistante<\/h2>\n\n\n\n<p>Ce c\u00e9page a vu le jour en 1958 gr\u00e2ce \u00e0 l\u2019amp\u00e9lographe Paul Truel. Il r\u00e9sulte d\u2019un croisement entre le Grenache Noir et le Malbec. Le premier a \u00e9t\u00e9 choisi pour sa productivit\u00e9, sa r\u00e9sistance au stress hydrique et ses g\u00e9n\u00e9reux ar\u00f4mes de fruits rouges, quand le second apporte ses tanins puissants, ses parfums de fruits noirs et d\u2019\u00e9pices, sa structure et son intensit\u00e9.<\/p>\n\n\n\n<p>S\u2019il r\u00e9pond aux probl\u00e9matiques de l\u2019\u00e9poque qui \u00e9taient d\u2019am\u00e9liorer les capacit\u00e9s de d\u00e9fense des vignes face aux maladies comme la pourriture grise, et leur adaptabilit\u00e9 \u00e0 des climats chaleureux, il peine dans un premier temps \u00e0 s\u2019imposer dans les vignobles fran\u00e7ais. Il est une vari\u00e9t\u00e9 nouvelle, et doit donc attendre plusieurs d\u00e9cennies pour prouver son potentiel. L\u2019implantation croissante de la vigne dans des r\u00e9gions aux conditions extr\u00eames et le changement climatique lui ont profit\u00e9, suscitant un regain d\u2019int\u00e9r\u00eat pour ce type de profil.<\/p>\n\n\n\n<figure class=\"wp-block-image size-large\"><img loading=\"lazy\" decoding=\"async\" width=\"1024\" height=\"680\" src=\"https:\/\/www.vinhoselection.com\/blog\/wp-content\/uploads\/2024\/12\/provence-1024x680.jpg\" alt=\"\" class=\"wp-image-701\" srcset=\"https:\/\/www.vinhoselection.com\/blog\/wp-content\/uploads\/2024\/12\/provence-1024x680.jpg 1024w, https:\/\/www.vinhoselection.com\/blog\/wp-content\/uploads\/2024\/12\/provence-300x199.jpg 300w, https:\/\/www.vinhoselection.com\/blog\/wp-content\/uploads\/2024\/12\/provence-768x510.jpg 768w, https:\/\/www.vinhoselection.com\/blog\/wp-content\/uploads\/2024\/12\/provence.jpg 1280w\" sizes=\"(max-width: 1024px) 100vw, 1024px\" \/><\/figure>\n\n\n\n<h2 class=\"wp-block-heading\">Adapt\u00e9e au pourtour m\u00e9diterran\u00e9en<\/h2>\n\n\n\n<p>Il est particuli\u00e8rement friand des terroirs m\u00e9diterran\u00e9ens pauvres en pr\u00e9cipitations et aux sols bien drain\u00e9s. Il a \u00e9t\u00e9 cr\u00e9\u00e9 pour supporter la s\u00e9cheresse et atteint plus facilement une maturit\u00e9 optimale \u00e0 des temp\u00e9ratures \u00e9lev\u00e9es. De plus, son feuillage dense prot\u00e8ge les grappes du soleil et r\u00e9duit les risques de br\u00fblure. Les ceps s\u2019\u00e9panouissent aussi bien sur des cailloux qui emmagasinent la chaleur durant la journ\u00e9e pour la restituer la nuit, que des argiles et calcaires favorisant la r\u00e9tention d\u2019eau, et donc l\u2019obtention de baies concentr\u00e9es.<\/p>\n\n\n\n<p>Vous pouvez ainsi le retrouver dans le sud de la France. Le Languedoc-Roussillon est connu depuis longtemps pour son ouverture aux exp\u00e9rimentations viticoles. Logique, donc, que le Caladoc y produise des vins rouges et ros\u00e9s en compagnie de la <a href=\"https:\/\/www.vinhoselection.com\/blog\/2024\/11\/19\/la-syrah-structure-et-fruite-du-rhone-a-laustralie\/\">Syrah<\/a>, du Grenache et du Carignan. La Provence l\u2019utilise dans certaines de ses IGP, comme M\u00e9diterran\u00e9e. Il y brille \u00e0 travers des cuv\u00e9es fruit\u00e9es et rafra\u00eechissantes. Et dans la Vall\u00e9e du Rh\u00f4ne m\u00e9ridionale, il donne un coup de pouce aux rouges gr\u00e2ce \u00e0 sa structure et son \u00e9quilibre.<\/p>\n\n\n\n<p>Il s\u2019est \u00e9galement export\u00e9 dans plusieurs pays du pourtour m\u00e9diterran\u00e9en, bien qu\u2019il y reste minoritaire. L\u2019<a href=\"https:\/\/www.vinhoselection.com\/blog\/2023\/10\/12\/lespagne-vins-races-et-bodegas-a-perte-de-vue\/\">Espagne<\/a> l\u2019a adopt\u00e9 pour tester \u00e0 la s\u00e9cheresse. L\u2019<a href=\"https:\/\/www.vinhoselection.com\/blog\/2023\/10\/05\/france-italie-une-mosaique-de-terroirs\/\">Italie<\/a>, notamment le littoral, lui fait confiance pour d\u00e9livrer des flacons confidentiels modernes et pleins de fruit. La Tunisie et le Maroc en tirent des vins accessibles qui r\u00e9v\u00e8lent le meilleur de leur climat chaud. \u00c0 l\u2019autre bout du monde, la Nouvelle-Cal\u00e9donie le teste en tant que solution \u00e0 ces terroirs insulaires singuliers.<\/p>\n\n\n\n<figure class=\"wp-block-image size-large\"><img loading=\"lazy\" decoding=\"async\" width=\"1024\" height=\"602\" src=\"https:\/\/www.vinhoselection.com\/blog\/wp-content\/uploads\/2024\/12\/maroc-1024x602.jpg\" alt=\"\" class=\"wp-image-700\" srcset=\"https:\/\/www.vinhoselection.com\/blog\/wp-content\/uploads\/2024\/12\/maroc-1024x602.jpg 1024w, https:\/\/www.vinhoselection.com\/blog\/wp-content\/uploads\/2024\/12\/maroc-300x176.jpg 300w, https:\/\/www.vinhoselection.com\/blog\/wp-content\/uploads\/2024\/12\/maroc-768x452.jpg 768w, https:\/\/www.vinhoselection.com\/blog\/wp-content\/uploads\/2024\/12\/maroc.jpg 1280w\" sizes=\"(max-width: 1024px) 100vw, 1024px\" \/><\/figure>\n\n\n\n<h2 class=\"wp-block-heading\">Des vins aux styles vari\u00e9s<\/h2>\n\n\n\n<p>Dans le verre, le Caladoc est tr\u00e8s polyvalent, qu\u2019il soit vinifi\u00e9 en monoc\u00e9page ou en assemblage. C\u00f4t\u00e9 rouge, il d\u00e9voile un bouquet riche en fruits rouges et noirs, de la cerise au cassis, en passant par la fraise et la m\u00fbre. Il n\u2019est pas rare que quelques touches \u00e9pic\u00e9es et herbac\u00e9es viennent compl\u00e9ter l\u2019ensemble. Il poss\u00e8de une belle trame tannique et une acidit\u00e9 harmonieuse qui offre de la fra\u00eecheur. La Syrah et le Merlot, pour ne citer qu\u2019eux, se reposent sur sa couleur, son fruit g\u00e9n\u00e9reux et sa structure. En ros\u00e9, ce sont sa fra\u00eecheur et son fruit\u00e9 qui font mouche \u00e0 tous les coups. La framboise rencontre la fraise et la groseille, ainsi que de ravissantes nuances florales. Ce sont des ros\u00e9s d\u2019\u00e9t\u00e9 par excellence, l\u00e9gers, d\u00e9salt\u00e9rants et d\u2019une superbe rondeur. Ses multiples facettes ne s\u2019arr\u00eatent pas l\u00e0, puisque certains vignerons r\u00e9alisent actuellement des essais de vins effervescents. Le Caladoc n\u2019a pas fini de vous \u00e9tonner\u2026et \u00e9blouir.<\/p>\n\n\n\n<p class=\"has-text-align-center\"><a href=\"https:\/\/www.vinhoselection.com\/vins\/?region=&amp;appellation=&amp;domaine=&amp;cepage=Caladoc&amp;order=\"><strong>D\u00e9couvrez nos vins issus du Caladoc<\/strong><\/a><\/p>\n","protected":false},"excerpt":{"rendered":"<p>D\u00e9velopp\u00e9 pour permettre aux vignobles de pallier aux \u00e9volutions climatiques, le Caladoc a su gagner en notori\u00e9t\u00e9 au fil des ann\u00e9es. Ses notes fruit\u00e9es s\u2019expriment du sud de la France au Maroc dans des cuv\u00e9es surprenantes qui ne manqueront pas de vous s\u00e9duire.<\/p>\n","protected":false},"author":1,"featured_media":699,"comment_status":"open","ping_status":"open","sticky":false,"template":"","format":"standard","meta":{"footnotes":""},"categories":[5,39],"tags":[160,51,70,71],"yoast_head":"<!-- This site is optimized with the Yoast SEO plugin v19.12 - https:\/\/yoast.com\/wordpress\/plugins\/seo\/ -->\n<title>Fruit\u00e9 et r\u00e9sistance en M\u00e9diterran\u00e9e avec le Caladoc\u00a0! - Vinho S\u00e9lection - Le Blog<\/title>\n<meta name=\"description\" content=\"D\u00e9couvrez le Caladoc, un c\u00e9page r\u00e9sistant qui s&#039;exprime du sud de la France au Maroc \u00e0 travers des cuv\u00e9es surprenantes.\" \/>\n<meta name=\"robots\" content=\"index, follow, max-snippet:-1, max-image-preview:large, max-video-preview:-1\" \/>\n<link rel=\"canonical\" href=\"https:\/\/www.vinhoselection.com\/blog\/2025\/01\/20\/fruite-et-resistance-en-mediterranee-avec-le-caladoc\/\" \/>\n<meta property=\"og:locale\" content=\"fr_FR\" \/>\n<meta property=\"og:type\" content=\"article\" \/>\n<meta property=\"og:title\" content=\"Fruit\u00e9 et r\u00e9sistance en M\u00e9diterran\u00e9e avec le Caladoc\u00a0! - Vinho S\u00e9lection - Le Blog\" \/>\n<meta property=\"og:description\" content=\"D\u00e9couvrez le Caladoc, un c\u00e9page r\u00e9sistant qui s&#039;exprime du sud de la France au Maroc \u00e0 travers des cuv\u00e9es surprenantes.\" \/>\n<meta property=\"og:url\" content=\"https:\/\/www.vinhoselection.com\/blog\/2025\/01\/20\/fruite-et-resistance-en-mediterranee-avec-le-caladoc\/\" \/>\n<meta property=\"og:site_name\" content=\"Vinho S\u00e9lection - Le Blog\" \/>\n<meta property=\"article:published_time\" content=\"2025-01-20T09:37:52+00:00\" \/>\n<meta property=\"og:image\" content=\"https:\/\/www.vinhoselection.com\/blog\/wp-content\/uploads\/2024\/12\/mediterranee-scaled.jpg\" \/>\n\t<meta property=\"og:image:width\" content=\"2560\" \/>\n\t<meta property=\"og:image:height\" content=\"1707\" \/>\n\t<meta property=\"og:image:type\" content=\"image\/jpeg\" \/>\n<meta name=\"author\" content=\"Vinho S\u00e9lection\" \/>\n<meta name=\"twitter:card\" content=\"summary_large_image\" \/>\n<meta name=\"twitter:label1\" content=\"\u00c9crit par\" \/>\n\t<meta name=\"twitter:data1\" content=\"Vinho S\u00e9lection\" \/>\n\t<meta name=\"twitter:label2\" content=\"Dur\u00e9e de lecture estim\u00e9e\" \/>\n\t<meta name=\"twitter:data2\" content=\"4 minutes\" \/>\n<script type=\"application\/ld+json\" class=\"yoast-schema-graph\">{\"@context\":\"https:\/\/schema.org\",\"@graph\":[{\"@type\":\"Article\",\"@id\":\"https:\/\/www.vinhoselection.com\/blog\/2025\/01\/20\/fruite-et-resistance-en-mediterranee-avec-le-caladoc\/#article\",\"isPartOf\":{\"@id\":\"https:\/\/www.vinhoselection.com\/blog\/2025\/01\/20\/fruite-et-resistance-en-mediterranee-avec-le-caladoc\/\"},\"author\":{\"name\":\"Vinho S\u00e9lection\",\"@id\":\"https:\/\/www.vinhoselection.com\/blog\/#\/schema\/person\/005afe6cfad81e36a1b0f78a3e295f2d\"},\"headline\":\"Fruit\u00e9 et r\u00e9sistance en M\u00e9diterran\u00e9e avec le Caladoc\u00a0!\",\"datePublished\":\"2025-01-20T09:37:52+00:00\",\"dateModified\":\"2025-01-20T09:37:52+00:00\",\"mainEntityOfPage\":{\"@id\":\"https:\/\/www.vinhoselection.com\/blog\/2025\/01\/20\/fruite-et-resistance-en-mediterranee-avec-le-caladoc\/\"},\"wordCount\":726,\"commentCount\":0,\"publisher\":{\"@id\":\"https:\/\/www.vinhoselection.com\/blog\/#organization\"},\"keywords\":[\"caladoc\",\"c\u00e9page\",\"vins du monde\",\"vins \u00e9trangers\"],\"articleSection\":[\"C\u00e9pages\",\"Tous les articles\"],\"inLanguage\":\"fr-FR\",\"potentialAction\":[{\"@type\":\"CommentAction\",\"name\":\"Comment\",\"target\":[\"https:\/\/www.vinhoselection.com\/blog\/2025\/01\/20\/fruite-et-resistance-en-mediterranee-avec-le-caladoc\/#respond\"]}]},{\"@type\":\"WebPage\",\"@id\":\"https:\/\/www.vinhoselection.com\/blog\/2025\/01\/20\/fruite-et-resistance-en-mediterranee-avec-le-caladoc\/\",\"url\":\"https:\/\/www.vinhoselection.com\/blog\/2025\/01\/20\/fruite-et-resistance-en-mediterranee-avec-le-caladoc\/\",\"name\":\"Fruit\u00e9 et r\u00e9sistance en M\u00e9diterran\u00e9e avec le Caladoc\u00a0! - Vinho S\u00e9lection - Le Blog\",\"isPartOf\":{\"@id\":\"https:\/\/www.vinhoselection.com\/blog\/#website\"},\"datePublished\":\"2025-01-20T09:37:52+00:00\",\"dateModified\":\"2025-01-20T09:37:52+00:00\",\"description\":\"D\u00e9couvrez le Caladoc, un c\u00e9page r\u00e9sistant qui s'exprime du sud de la France au Maroc \u00e0 travers des cuv\u00e9es surprenantes.\",\"breadcrumb\":{\"@id\":\"https:\/\/www.vinhoselection.com\/blog\/2025\/01\/20\/fruite-et-resistance-en-mediterranee-avec-le-caladoc\/#breadcrumb\"},\"inLanguage\":\"fr-FR\",\"potentialAction\":[{\"@type\":\"ReadAction\",\"target\":[\"https:\/\/www.vinhoselection.com\/blog\/2025\/01\/20\/fruite-et-resistance-en-mediterranee-avec-le-caladoc\/\"]}]},{\"@type\":\"BreadcrumbList\",\"@id\":\"https:\/\/www.vinhoselection.com\/blog\/2025\/01\/20\/fruite-et-resistance-en-mediterranee-avec-le-caladoc\/#breadcrumb\",\"itemListElement\":[{\"@type\":\"ListItem\",\"position\":1,\"name\":\"Accueil\",\"item\":\"https:\/\/www.vinhoselection.com\/blog\/\"},{\"@type\":\"ListItem\",\"position\":2,\"name\":\"Fruit\u00e9 et r\u00e9sistance en M\u00e9diterran\u00e9e avec le Caladoc\u00a0!\"}]},{\"@type\":\"WebSite\",\"@id\":\"https:\/\/www.vinhoselection.com\/blog\/#website\",\"url\":\"https:\/\/www.vinhoselection.com\/blog\/\",\"name\":\"Vinho S\u00e9lection - Le Blog\",\"description\":\"\",\"publisher\":{\"@id\":\"https:\/\/www.vinhoselection.com\/blog\/#organization\"},\"potentialAction\":[{\"@type\":\"SearchAction\",\"target\":{\"@type\":\"EntryPoint\",\"urlTemplate\":\"https:\/\/www.vinhoselection.com\/blog\/?s={search_term_string}\"},\"query-input\":\"required name=search_term_string\"}],\"inLanguage\":\"fr-FR\"},{\"@type\":\"Organization\",\"@id\":\"https:\/\/www.vinhoselection.com\/blog\/#organization\",\"name\":\"Vinho S\u00e9lection\",\"url\":\"https:\/\/www.vinhoselection.com\/blog\/\",\"logo\":{\"@type\":\"ImageObject\",\"inLanguage\":\"fr-FR\",\"@id\":\"https:\/\/www.vinhoselection.com\/blog\/#\/schema\/logo\/image\/\",\"url\":\"https:\/\/www.vinhoselection.com\/blog\/wp-content\/uploads\/2026\/08\/VinhoSelection_RVB.png\",\"contentUrl\":\"https:\/\/www.vinhoselection.com\/blog\/wp-content\/uploads\/2026\/08\/VinhoSelection_RVB.png\",\"width\":660,\"height\":86,\"caption\":\"Vinho S\u00e9lection\"},\"image\":{\"@id\":\"https:\/\/www.vinhoselection.com\/blog\/#\/schema\/logo\/image\/\"}},{\"@type\":\"Person\",\"@id\":\"https:\/\/www.vinhoselection.com\/blog\/#\/schema\/person\/005afe6cfad81e36a1b0f78a3e295f2d\",\"name\":\"Vinho S\u00e9lection\",\"image\":{\"@type\":\"ImageObject\",\"inLanguage\":\"fr-FR\",\"@id\":\"https:\/\/www.vinhoselection.com\/blog\/#\/schema\/person\/image\/\",\"url\":\"https:\/\/secure.gravatar.com\/avatar\/3972f99bab68245bb83f2630ef07af25?s=96&d=mm&r=g\",\"contentUrl\":\"https:\/\/secure.gravatar.com\/avatar\/3972f99bab68245bb83f2630ef07af25?s=96&d=mm&r=g\",\"caption\":\"Vinho S\u00e9lection\"},\"sameAs\":[\"https:\/\/www.vinhoselection.com\/blog\"],\"url\":\"https:\/\/www.vinhoselection.com\/blog\/author\/18vinhoweb\/\"}]}<\/script>\n<!-- \/ Yoast SEO plugin. -->","yoast_head_json":{"title":"Fruit\u00e9 et r\u00e9sistance en M\u00e9diterran\u00e9e avec le Caladoc\u00a0! - Vinho S\u00e9lection - Le Blog","description":"D\u00e9couvrez le Caladoc, un c\u00e9page r\u00e9sistant qui s'exprime du sud de la France au Maroc \u00e0 travers des cuv\u00e9es surprenantes.","robots":{"index":"index","follow":"follow","max-snippet":"max-snippet:-1","max-image-preview":"max-image-preview:large","max-video-preview":"max-video-preview:-1"},"canonical":"https:\/\/www.vinhoselection.com\/blog\/2025\/01\/20\/fruite-et-resistance-en-mediterranee-avec-le-caladoc\/","og_locale":"fr_FR","og_type":"article","og_title":"Fruit\u00e9 et r\u00e9sistance en M\u00e9diterran\u00e9e avec le Caladoc\u00a0! - Vinho S\u00e9lection - Le Blog","og_description":"D\u00e9couvrez le Caladoc, un c\u00e9page r\u00e9sistant qui s'exprime du sud de la France au Maroc \u00e0 travers des cuv\u00e9es surprenantes.","og_url":"https:\/\/www.vinhoselection.com\/blog\/2025\/01\/20\/fruite-et-resistance-en-mediterranee-avec-le-caladoc\/","og_site_name":"Vinho S\u00e9lection - Le Blog","article_published_time":"2025-01-20T09:37:52+00:00","og_image":[{"width":2560,"height":1707,"url":"https:\/\/www.vinhoselection.com\/blog\/wp-content\/uploads\/2024\/12\/mediterranee-scaled.jpg","type":"image\/jpeg"}],"author":"Vinho S\u00e9lection","twitter_card":"summary_large_image","twitter_misc":{"\u00c9crit par":"Vinho S\u00e9lection","Dur\u00e9e de lecture estim\u00e9e":"4 minutes"},"schema":{"@context":"https:\/\/schema.org","@graph":[{"@type":"Article","@id":"https:\/\/www.vinhoselection.com\/blog\/2025\/01\/20\/fruite-et-resistance-en-mediterranee-avec-le-caladoc\/#article","isPartOf":{"@id":"https:\/\/www.vinhoselection.com\/blog\/2025\/01\/20\/fruite-et-resistance-en-mediterranee-avec-le-caladoc\/"},"author":{"name":"Vinho S\u00e9lection","@id":"https:\/\/www.vinhoselection.com\/blog\/#\/schema\/person\/005afe6cfad81e36a1b0f78a3e295f2d"},"headline":"Fruit\u00e9 et r\u00e9sistance en M\u00e9diterran\u00e9e avec le Caladoc\u00a0!","datePublished":"2025-01-20T09:37:52+00:00","dateModified":"2025-01-20T09:37:52+00:00","mainEntityOfPage":{"@id":"https:\/\/www.vinhoselection.com\/blog\/2025\/01\/20\/fruite-et-resistance-en-mediterranee-avec-le-caladoc\/"},"wordCount":726,"commentCount":0,"publisher":{"@id":"https:\/\/www.vinhoselection.com\/blog\/#organization"},"keywords":["caladoc","c\u00e9page","vins du monde","vins \u00e9trangers"],"articleSection":["C\u00e9pages","Tous les articles"],"inLanguage":"fr-FR","potentialAction":[{"@type":"CommentAction","name":"Comment","target":["https:\/\/www.vinhoselection.com\/blog\/2025\/01\/20\/fruite-et-resistance-en-mediterranee-avec-le-caladoc\/#respond"]}]},{"@type":"WebPage","@id":"https:\/\/www.vinhoselection.com\/blog\/2025\/01\/20\/fruite-et-resistance-en-mediterranee-avec-le-caladoc\/","url":"https:\/\/www.vinhoselection.com\/blog\/2025\/01\/20\/fruite-et-resistance-en-mediterranee-avec-le-caladoc\/","name":"Fruit\u00e9 et r\u00e9sistance en M\u00e9diterran\u00e9e avec le Caladoc\u00a0! - Vinho S\u00e9lection - Le Blog","isPartOf":{"@id":"https:\/\/www.vinhoselection.com\/blog\/#website"},"datePublished":"2025-01-20T09:37:52+00:00","dateModified":"2025-01-20T09:37:52+00:00","description":"D\u00e9couvrez le Caladoc, un c\u00e9page r\u00e9sistant qui s'exprime du sud de la France au Maroc \u00e0 travers des cuv\u00e9es surprenantes.","breadcrumb":{"@id":"https:\/\/www.vinhoselection.com\/blog\/2025\/01\/20\/fruite-et-resistance-en-mediterranee-avec-le-caladoc\/#breadcrumb"},"inLanguage":"fr-FR","potentialAction":[{"@type":"ReadAction","target":["https:\/\/www.vinhoselection.com\/blog\/2025\/01\/20\/fruite-et-resistance-en-mediterranee-avec-le-caladoc\/"]}]},{"@type":"BreadcrumbList","@id":"https:\/\/www.vinhoselection.com\/blog\/2025\/01\/20\/fruite-et-resistance-en-mediterranee-avec-le-caladoc\/#breadcrumb","itemListElement":[{"@type":"ListItem","position":1,"name":"Accueil","item":"https:\/\/www.vinhoselection.com\/blog\/"},{"@type":"ListItem","position":2,"name":"Fruit\u00e9 et r\u00e9sistance en M\u00e9diterran\u00e9e avec le Caladoc\u00a0!"}]},{"@type":"WebSite","@id":"https:\/\/www.vinhoselection.com\/blog\/#website","url":"https:\/\/www.vinhoselection.com\/blog\/","name":"Vinho S\u00e9lection - Le Blog","description":"","publisher":{"@id":"https:\/\/www.vinhoselection.com\/blog\/#organization"},"potentialAction":[{"@type":"SearchAction","target":{"@type":"EntryPoint","urlTemplate":"https:\/\/www.vinhoselection.com\/blog\/?s={search_term_string}"},"query-input":"required name=search_term_string"}],"inLanguage":"fr-FR"},{"@type":"Organization","@id":"https:\/\/www.vinhoselection.com\/blog\/#organization","name":"Vinho S\u00e9lection","url":"https:\/\/www.vinhoselection.com\/blog\/","logo":{"@type":"ImageObject","inLanguage":"fr-FR","@id":"https:\/\/www.vinhoselection.com\/blog\/#\/schema\/logo\/image\/","url":"https:\/\/www.vinhoselection.com\/blog\/wp-content\/uploads\/2026\/08\/VinhoSelection_RVB.png","contentUrl":"https:\/\/www.vinhoselection.com\/blog\/wp-content\/uploads\/2026\/08\/VinhoSelection_RVB.png","width":660,"height":86,"caption":"Vinho S\u00e9lection"},"image":{"@id":"https:\/\/www.vinhoselection.com\/blog\/#\/schema\/logo\/image\/"}},{"@type":"Person","@id":"https:\/\/www.vinhoselection.com\/blog\/#\/schema\/person\/005afe6cfad81e36a1b0f78a3e295f2d","name":"Vinho S\u00e9lection","image":{"@type":"ImageObject","inLanguage":"fr-FR","@id":"https:\/\/www.vinhoselection.com\/blog\/#\/schema\/person\/image\/","url":"https:\/\/secure.gravatar.com\/avatar\/3972f99bab68245bb83f2630ef07af25?s=96&d=mm&r=g","contentUrl":"https:\/\/secure.gravatar.com\/avatar\/3972f99bab68245bb83f2630ef07af25?s=96&d=mm&r=g","caption":"Vinho S\u00e9lection"},"sameAs":["https:\/\/www.vinhoselection.com\/blog"],"url":"https:\/\/www.vinhoselection.com\/blog\/author\/18vinhoweb\/"}]}},"_links":{"self":[{"href":"https:\/\/www.vinhoselection.com\/blog\/wp-json\/wp\/v2\/posts\/698"}],"collection":[{"href":"https:\/\/www.vinhoselection.com\/blog\/wp-json\/wp\/v2\/posts"}],"about":[{"href":"https:\/\/www.vinhoselection.com\/blog\/wp-json\/wp\/v2\/types\/post"}],"author":[{"embeddable":true,"href":"https:\/\/www.vinhoselection.com\/blog\/wp-json\/wp\/v2\/users\/1"}],"replies":[{"embeddable":true,"href":"https:\/\/www.vinhoselection.com\/blog\/wp-json\/wp\/v2\/comments?post=698"}],"version-history":[{"count":2,"href":"https:\/\/www.vinhoselection.com\/blog\/wp-json\/wp\/v2\/posts\/698\/revisions"}],"predecessor-version":[{"id":703,"href":"https:\/\/www.vinhoselection.com\/blog\/wp-json\/wp\/v2\/posts\/698\/revisions\/703"}],"wp:featuredmedia":[{"embeddable":true,"href":"https:\/\/www.vinhoselection.com\/blog\/wp-json\/wp\/v2\/media\/699"}],"wp:attachment":[{"href":"https:\/\/www.vinhoselection.com\/blog\/wp-json\/wp\/v2\/media?parent=698"}],"wp:term":[{"taxonomy":"category","embeddable":true,"href":"https:\/\/www.vinhoselection.com\/blog\/wp-json\/wp\/v2\/categories?post=698"},{"taxonomy":"post_tag","embeddable":true,"href":"https:\/\/www.vinhoselection.com\/blog\/wp-json\/wp\/v2\/tags?post=698"}],"curies":[{"name":"wp","href":"https:\/\/api.w.org\/{rel}","templated":true}]}}