{"id":523,"date":"2024-07-10T11:23:54","date_gmt":"2024-07-10T09:23:54","guid":{"rendered":"https:\/\/www.vinhoselection.com\/blog\/?p=523"},"modified":"2024-11-12T21:11:34","modified_gmt":"2024-11-12T20:11:34","slug":"larmenie-genese-du-vin-et-cuvees-expressives","status":"publish","type":"post","link":"https:\/\/www.vinhoselection.com\/blog\/2024\/07\/10\/larmenie-genese-du-vin-et-cuvees-expressives\/","title":{"rendered":"L\u2019Arm\u00e9nie, gen\u00e8se du vin et cuv\u00e9es expressives"},"content":{"rendered":"\n<p><strong>Qui de l\u2019\u0153uf ou de la poule \u00e9tait l\u00e0 en premier, et qui de l\u2019Arm\u00e9nie ou de la G\u00e9orgie a fait du vin en premier\u00a0? Ce qui est certain, c\u2019est que ces pays voisins sont le berceau de la viticulture internationale. Et il y a plus d\u2019un vin arm\u00e9nien qui m\u00e9rite le d\u00e9tour.<\/strong><\/p>\n\n\n\n<h2 class=\"wp-block-heading\">Une enclave riche en c\u00e9pages autochtones<\/h2>\n\n\n\n<p>Son histoire particuli\u00e8rement ancienne est intimement m\u00eal\u00e9e \u00e0 l\u2019expansion du christianisme. En effet, dans la Gen\u00e8se, premier livre de la Bible, No\u00e9 plante trois pieds de vigne sur les contreforts du mont Ararat apr\u00e8s le D\u00e9luge. Croyance \u00e0 part, le d\u00e9veloppement de la vigne remonte bien \u00e0 cette \u00e9poque. C\u2019est d\u2019ailleurs ici que des arch\u00e9ologues ont d\u00e9couvert le plus vieux lieu de vinification au monde. Il conna\u00eetra ensuite de nombreux rebondissements, le plus important \u00e9tant la domination sovi\u00e9tique. Durant cette p\u00e9riode, les producteurs ont pour obligation de se concentrer sur la production de brandy. Et si les vins locaux ont depuis gagn\u00e9 en qualit\u00e9, cette tradition est rest\u00e9e ancr\u00e9e et la moiti\u00e9 des volumes est encore consacr\u00e9e \u00e0 la confection d\u2019une eau-de-vie de raisin.<\/p>\n\n\n\n<figure class=\"wp-block-image size-large\"><img loading=\"lazy\" decoding=\"async\" width=\"1024\" height=\"683\" src=\"https:\/\/www.vinhoselection.com\/blog\/wp-content\/uploads\/2024\/03\/armenie-1024x683.jpg\" alt=\"\" class=\"wp-image-525\" srcset=\"https:\/\/www.vinhoselection.com\/blog\/wp-content\/uploads\/2024\/03\/armenie-1024x683.jpg 1024w, https:\/\/www.vinhoselection.com\/blog\/wp-content\/uploads\/2024\/03\/armenie-300x200.jpg 300w, https:\/\/www.vinhoselection.com\/blog\/wp-content\/uploads\/2024\/03\/armenie-768x512.jpg 768w, https:\/\/www.vinhoselection.com\/blog\/wp-content\/uploads\/2024\/03\/armenie-1536x1024.jpg 1536w, https:\/\/www.vinhoselection.com\/blog\/wp-content\/uploads\/2024\/03\/armenie-2048x1365.jpg 2048w\" sizes=\"(max-width: 1024px) 100vw, 1024px\" \/><\/figure>\n\n\n\n<p><\/p>\n\n\n\n<p>L\u2019Arm\u00e9nie ne poss\u00e8de aucune fa\u00e7ade maritime, ce qui n\u2019est pas courant pour un pays producteur de vin. Mais cet emplacement enclav\u00e9 ne l\u2019a pas emp\u00each\u00e9 d\u2019\u00eatre l\u2019un des pr\u00e9curseurs de la viticulture. Les paysages se composent de beaucoup de reliefs qui oscillent entre 800 et 1900 m\u00e8tres d\u2019altitude. Les vignobles sont donc hauts perch\u00e9s, \u00e0 l\u2019instar d\u2019autres r\u00e9gions r\u00e9put\u00e9es telle que <a href=\"https:\/\/www.vinhoselection.com\/blog\/2024\/03\/22\/le-torrontes-embleme-des-vins-blancs-dargentine\/\">Cafayate en Argentine<\/a>. Le climat est tr\u00e8s sec et ce manque de pr\u00e9cipitation pousse souvent les vignerons \u00e0 avoir recours \u00e0 l\u2019irrigation. De petites propri\u00e9t\u00e9s familiales c\u00f4toient des maisons industrielles. Toutes mettent \u00e0 l\u2019honneur des vari\u00e9t\u00e9s autochtones, parmi lesquelles l\u2019Areni Noir, le Kangun, le Tchilar, le Rkatsiteli, ou le Voskehat. Elles profitent de sols domin\u00e9s par le calcaire, parfois volcaniques, qui apportent aux vins des notes singuli\u00e8res.<\/p>\n\n\n\n<h2 class=\"wp-block-heading\">Tushpa, une tradition viticole ancestrale<\/h2>\n\n\n\n<p>Chez Vinho S\u00e9lection, nous sommes tomb\u00e9s sous le charme de <a href=\"https:\/\/tushpawines.com\/\">Tushpa<\/a>, un domaine fond\u00e9 en 1992 par Mihran Manaseryan. Il rend chaque jour hommage au travail de ses anc\u00eatres qui lui ont transmis la passion de la vigne. Le nom Tushpa est ainsi celui de la r\u00e9gion o\u00f9 ils sont n\u00e9s, que l\u2019on conna\u00eet aujourd\u2019hui en tant que Van. Ce savoir-faire ancien est mis au service de vins remarquables. C\u2019est au c\u0153ur de la vall\u00e9e de l\u2019Ararat que le vignoble s\u2019\u00e9tend sur 6 hectares situ\u00e9s \u00e0 environ 800 m\u00e8tres d\u2019altitude. Cette situation, coupl\u00e9e \u00e0 des sols riches en argile et en roches s\u00e9dimentaires, offre une superbe fra\u00eecheur aux flacons.<\/p>\n\n\n\n<figure class=\"wp-block-image size-large\"><img loading=\"lazy\" decoding=\"async\" width=\"1024\" height=\"682\" src=\"https:\/\/www.vinhoselection.com\/blog\/wp-content\/uploads\/2024\/03\/Tushpa-1024x682.jpg\" alt=\"\" class=\"wp-image-526\" srcset=\"https:\/\/www.vinhoselection.com\/blog\/wp-content\/uploads\/2024\/03\/Tushpa-1024x682.jpg 1024w, https:\/\/www.vinhoselection.com\/blog\/wp-content\/uploads\/2024\/03\/Tushpa-300x200.jpg 300w, https:\/\/www.vinhoselection.com\/blog\/wp-content\/uploads\/2024\/03\/Tushpa-768x512.jpg 768w, https:\/\/www.vinhoselection.com\/blog\/wp-content\/uploads\/2024\/03\/Tushpa-1536x1024.jpg 1536w, https:\/\/www.vinhoselection.com\/blog\/wp-content\/uploads\/2024\/03\/Tushpa.jpg 2000w\" sizes=\"(max-width: 1024px) 100vw, 1024px\" \/><\/figure>\n\n\n\n<p><\/p>\n\n\n\n<p>Deux c\u00e9pages s\u2019imposent. Haghtanak, qui signifie \u00ab\u00a0victoire\u00a0\u00bb en arm\u00e9nien, se distingue par son bouquet intense autour de la m\u00fbre, de la prune, du cassis et de la cerise. Ces ar\u00f4mes fruit\u00e9s sont relev\u00e9s par des notes de vanille, de poivre et de clou de girofle. La cuv\u00e9e Tushpa rouge 2019 en est issue. \u00c0 la suite d\u2019une fermentation malolactique sans sulfite ajout\u00e9 et d\u2019un \u00e9levage de 7 mois en f\u00fbts de ch\u00eane du Caucase, l\u2019Haghtanak impressionne par la finesse de ses tanins et sa palette \u00e9pic\u00e9e. Bel \u00e9quilibre et finale persistante.<\/p>\n\n\n\n<p class=\"has-text-align-center\"><a href=\"https:\/\/www.vinhoselection.com\/vin\/tushpa-rouge-2019\/277\/\"><strong>D\u00e9couvrez Tushpa rouge 2019<\/strong><\/a><\/p>\n\n\n\n<p>Kangun, en blanc, est tr\u00e8s r\u00e9pandu en Arm\u00e9nie. Il est caract\u00e9ris\u00e9 par des fragrances de fruits \u00e0 chair blanche et de fleurs sauvages. C\u2019est le cas dans le Tushpa blanc 2020 qui d\u00e9coule d\u2019une fermentation de 5 jours et d\u2019un \u00e9levage en cuve inox. On per\u00e7oit tour \u00e0 tour des parfums de poire, de pomme et d\u2019agrumes. Le vin est aussi expressif au nez qu\u2019en bouche, montrant alors un magnifique volume, du gras et de la salinit\u00e9.<\/p>\n\n\n\n<p class=\"has-text-align-center\"><a href=\"https:\/\/www.vinhoselection.com\/vin\/tushpa-blanc-2020\/278\/\"><strong>D\u00e9couvrez Tushpa blanc 2020<\/strong><\/a><\/p>\n","protected":false},"excerpt":{"rendered":"<p>Qui de l\u2019\u0153uf ou de la poule \u00e9tait l\u00e0 en premier, et qui de l\u2019Arm\u00e9nie ou de la G\u00e9orgie a fait du vin en premier\u00a0? Ce qui est certain, c\u2019est que ces pays voisins sont le berceau de la viticulture internationale. Et il y a plus d\u2019un vin arm\u00e9nien qui m\u00e9rite le d\u00e9tour.<\/p>\n","protected":false},"author":1,"featured_media":524,"comment_status":"open","ping_status":"open","sticky":false,"template":"","format":"standard","meta":{"footnotes":""},"categories":[39,6],"tags":[114,17,72,87,73,88,9,115,116,10,70,71],"yoast_head":"<!-- This site is optimized with the Yoast SEO plugin v19.12 - https:\/\/yoast.com\/wordpress\/plugins\/seo\/ -->\n<title>Vins d&#039;Arm\u00e9nie : c\u00e9pages autochtones et tradition, vins du monde<\/title>\n<meta name=\"description\" content=\"D\u00e9couvrez les vins d&#039;Arm\u00e9nie, berceau de la viticulture : c\u00e9pages autochtones, terroirs d&#039;altitude et cuv\u00e9es expressives, vins du monde.\" \/>\n<meta name=\"robots\" content=\"index, follow, max-snippet:-1, max-image-preview:large, max-video-preview:-1\" \/>\n<link rel=\"canonical\" href=\"https:\/\/www.vinhoselection.com\/blog\/2024\/07\/10\/larmenie-genese-du-vin-et-cuvees-expressives\/\" \/>\n<meta property=\"og:locale\" content=\"fr_FR\" \/>\n<meta property=\"og:type\" content=\"article\" \/>\n<meta property=\"og:title\" content=\"Vins d&#039;Arm\u00e9nie : c\u00e9pages autochtones et tradition, vins du monde\" \/>\n<meta property=\"og:description\" content=\"D\u00e9couvrez les vins d&#039;Arm\u00e9nie, berceau de la viticulture : c\u00e9pages autochtones, terroirs d&#039;altitude et cuv\u00e9es expressives, vins du monde.\" \/>\n<meta property=\"og:url\" content=\"https:\/\/www.vinhoselection.com\/blog\/2024\/07\/10\/larmenie-genese-du-vin-et-cuvees-expressives\/\" \/>\n<meta property=\"og:site_name\" content=\"Vinho S\u00e9lection - Le Blog\" \/>\n<meta property=\"article:published_time\" content=\"2024-07-10T09:23:54+00:00\" \/>\n<meta property=\"article:modified_time\" content=\"2024-11-12T20:11:34+00:00\" \/>\n<meta property=\"og:image\" content=\"https:\/\/www.vinhoselection.com\/blog\/wp-content\/uploads\/2024\/03\/ararat-scaled.jpg\" \/>\n\t<meta property=\"og:image:width\" content=\"2560\" \/>\n\t<meta property=\"og:image:height\" content=\"1440\" \/>\n\t<meta property=\"og:image:type\" content=\"image\/jpeg\" \/>\n<meta name=\"author\" content=\"Vinho S\u00e9lection\" \/>\n<meta name=\"twitter:card\" content=\"summary_large_image\" \/>\n<meta name=\"twitter:label1\" content=\"\u00c9crit par\" \/>\n\t<meta name=\"twitter:data1\" content=\"Vinho S\u00e9lection\" \/>\n\t<meta name=\"twitter:label2\" content=\"Dur\u00e9e de lecture estim\u00e9e\" \/>\n\t<meta name=\"twitter:data2\" content=\"3 minutes\" \/>\n<script type=\"application\/ld+json\" class=\"yoast-schema-graph\">{\"@context\":\"https:\/\/schema.org\",\"@graph\":[{\"@type\":\"Article\",\"@id\":\"https:\/\/www.vinhoselection.com\/blog\/2024\/07\/10\/larmenie-genese-du-vin-et-cuvees-expressives\/#article\",\"isPartOf\":{\"@id\":\"https:\/\/www.vinhoselection.com\/blog\/2024\/07\/10\/larmenie-genese-du-vin-et-cuvees-expressives\/\"},\"author\":{\"name\":\"Vinho S\u00e9lection\",\"@id\":\"https:\/\/www.vinhoselection.com\/blog\/#\/schema\/person\/005afe6cfad81e36a1b0f78a3e295f2d\"},\"headline\":\"L\u2019Arm\u00e9nie, gen\u00e8se du vin et cuv\u00e9es expressives\",\"datePublished\":\"2024-07-10T09:23:54+00:00\",\"dateModified\":\"2024-11-12T20:11:34+00:00\",\"mainEntityOfPage\":{\"@id\":\"https:\/\/www.vinhoselection.com\/blog\/2024\/07\/10\/larmenie-genese-du-vin-et-cuvees-expressives\/\"},\"wordCount\":693,\"commentCount\":0,\"publisher\":{\"@id\":\"https:\/\/www.vinhoselection.com\/blog\/#organization\"},\"keywords\":[\"arm\u00e9nie\",\"d\u00e9gustation\",\"distributeur vins du monde\",\"distributeur vins \u00e9trangers\",\"importateur vins du monde\",\"importateur vins \u00e9trangers\",\"vin\",\"vin arm\u00e9nie\",\"vin arm\u00e9nien\",\"vin du monde\",\"vins du monde\",\"vins \u00e9trangers\"],\"articleSection\":[\"Tous les articles\",\"Vignobles\"],\"inLanguage\":\"fr-FR\",\"potentialAction\":[{\"@type\":\"CommentAction\",\"name\":\"Comment\",\"target\":[\"https:\/\/www.vinhoselection.com\/blog\/2024\/07\/10\/larmenie-genese-du-vin-et-cuvees-expressives\/#respond\"]}]},{\"@type\":\"WebPage\",\"@id\":\"https:\/\/www.vinhoselection.com\/blog\/2024\/07\/10\/larmenie-genese-du-vin-et-cuvees-expressives\/\",\"url\":\"https:\/\/www.vinhoselection.com\/blog\/2024\/07\/10\/larmenie-genese-du-vin-et-cuvees-expressives\/\",\"name\":\"Vins d'Arm\u00e9nie : c\u00e9pages autochtones et tradition, vins du monde\",\"isPartOf\":{\"@id\":\"https:\/\/www.vinhoselection.com\/blog\/#website\"},\"datePublished\":\"2024-07-10T09:23:54+00:00\",\"dateModified\":\"2024-11-12T20:11:34+00:00\",\"description\":\"D\u00e9couvrez les vins d'Arm\u00e9nie, berceau de la viticulture : c\u00e9pages autochtones, terroirs d'altitude et cuv\u00e9es expressives, vins du monde.\",\"breadcrumb\":{\"@id\":\"https:\/\/www.vinhoselection.com\/blog\/2024\/07\/10\/larmenie-genese-du-vin-et-cuvees-expressives\/#breadcrumb\"},\"inLanguage\":\"fr-FR\",\"potentialAction\":[{\"@type\":\"ReadAction\",\"target\":[\"https:\/\/www.vinhoselection.com\/blog\/2024\/07\/10\/larmenie-genese-du-vin-et-cuvees-expressives\/\"]}]},{\"@type\":\"BreadcrumbList\",\"@id\":\"https:\/\/www.vinhoselection.com\/blog\/2024\/07\/10\/larmenie-genese-du-vin-et-cuvees-expressives\/#breadcrumb\",\"itemListElement\":[{\"@type\":\"ListItem\",\"position\":1,\"name\":\"Accueil\",\"item\":\"https:\/\/www.vinhoselection.com\/blog\/\"},{\"@type\":\"ListItem\",\"position\":2,\"name\":\"L\u2019Arm\u00e9nie, gen\u00e8se du vin et cuv\u00e9es expressives\"}]},{\"@type\":\"WebSite\",\"@id\":\"https:\/\/www.vinhoselection.com\/blog\/#website\",\"url\":\"https:\/\/www.vinhoselection.com\/blog\/\",\"name\":\"Vinho S\u00e9lection - Le Blog\",\"description\":\"\",\"publisher\":{\"@id\":\"https:\/\/www.vinhoselection.com\/blog\/#organization\"},\"potentialAction\":[{\"@type\":\"SearchAction\",\"target\":{\"@type\":\"EntryPoint\",\"urlTemplate\":\"https:\/\/www.vinhoselection.com\/blog\/?s={search_term_string}\"},\"query-input\":\"required name=search_term_string\"}],\"inLanguage\":\"fr-FR\"},{\"@type\":\"Organization\",\"@id\":\"https:\/\/www.vinhoselection.com\/blog\/#organization\",\"name\":\"Vinho S\u00e9lection\",\"url\":\"https:\/\/www.vinhoselection.com\/blog\/\",\"logo\":{\"@type\":\"ImageObject\",\"inLanguage\":\"fr-FR\",\"@id\":\"https:\/\/www.vinhoselection.com\/blog\/#\/schema\/logo\/image\/\",\"url\":\"https:\/\/www.vinhoselection.com\/blog\/wp-content\/uploads\/2026\/08\/VinhoSelection_RVB.png\",\"contentUrl\":\"https:\/\/www.vinhoselection.com\/blog\/wp-content\/uploads\/2026\/08\/VinhoSelection_RVB.png\",\"width\":660,\"height\":86,\"caption\":\"Vinho S\u00e9lection\"},\"image\":{\"@id\":\"https:\/\/www.vinhoselection.com\/blog\/#\/schema\/logo\/image\/\"}},{\"@type\":\"Person\",\"@id\":\"https:\/\/www.vinhoselection.com\/blog\/#\/schema\/person\/005afe6cfad81e36a1b0f78a3e295f2d\",\"name\":\"Vinho S\u00e9lection\",\"image\":{\"@type\":\"ImageObject\",\"inLanguage\":\"fr-FR\",\"@id\":\"https:\/\/www.vinhoselection.com\/blog\/#\/schema\/person\/image\/\",\"url\":\"https:\/\/secure.gravatar.com\/avatar\/3972f99bab68245bb83f2630ef07af25?s=96&d=mm&r=g\",\"contentUrl\":\"https:\/\/secure.gravatar.com\/avatar\/3972f99bab68245bb83f2630ef07af25?s=96&d=mm&r=g\",\"caption\":\"Vinho S\u00e9lection\"},\"sameAs\":[\"https:\/\/www.vinhoselection.com\/blog\"],\"url\":\"https:\/\/www.vinhoselection.com\/blog\/author\/18vinhoweb\/\"}]}<\/script>\n<!-- \/ Yoast SEO plugin. -->","yoast_head_json":{"title":"Vins d'Arm\u00e9nie : c\u00e9pages autochtones et tradition, vins du monde","description":"D\u00e9couvrez les vins d'Arm\u00e9nie, berceau de la viticulture : c\u00e9pages autochtones, terroirs d'altitude et cuv\u00e9es expressives, vins du monde.","robots":{"index":"index","follow":"follow","max-snippet":"max-snippet:-1","max-image-preview":"max-image-preview:large","max-video-preview":"max-video-preview:-1"},"canonical":"https:\/\/www.vinhoselection.com\/blog\/2024\/07\/10\/larmenie-genese-du-vin-et-cuvees-expressives\/","og_locale":"fr_FR","og_type":"article","og_title":"Vins d'Arm\u00e9nie : c\u00e9pages autochtones et tradition, vins du monde","og_description":"D\u00e9couvrez les vins d'Arm\u00e9nie, berceau de la viticulture : c\u00e9pages autochtones, terroirs d'altitude et cuv\u00e9es expressives, vins du monde.","og_url":"https:\/\/www.vinhoselection.com\/blog\/2024\/07\/10\/larmenie-genese-du-vin-et-cuvees-expressives\/","og_site_name":"Vinho S\u00e9lection - Le Blog","article_published_time":"2024-07-10T09:23:54+00:00","article_modified_time":"2024-11-12T20:11:34+00:00","og_image":[{"width":2560,"height":1440,"url":"https:\/\/www.vinhoselection.com\/blog\/wp-content\/uploads\/2024\/03\/ararat-scaled.jpg","type":"image\/jpeg"}],"author":"Vinho S\u00e9lection","twitter_card":"summary_large_image","twitter_misc":{"\u00c9crit par":"Vinho S\u00e9lection","Dur\u00e9e de lecture estim\u00e9e":"3 minutes"},"schema":{"@context":"https:\/\/schema.org","@graph":[{"@type":"Article","@id":"https:\/\/www.vinhoselection.com\/blog\/2024\/07\/10\/larmenie-genese-du-vin-et-cuvees-expressives\/#article","isPartOf":{"@id":"https:\/\/www.vinhoselection.com\/blog\/2024\/07\/10\/larmenie-genese-du-vin-et-cuvees-expressives\/"},"author":{"name":"Vinho S\u00e9lection","@id":"https:\/\/www.vinhoselection.com\/blog\/#\/schema\/person\/005afe6cfad81e36a1b0f78a3e295f2d"},"headline":"L\u2019Arm\u00e9nie, gen\u00e8se du vin et cuv\u00e9es expressives","datePublished":"2024-07-10T09:23:54+00:00","dateModified":"2024-11-12T20:11:34+00:00","mainEntityOfPage":{"@id":"https:\/\/www.vinhoselection.com\/blog\/2024\/07\/10\/larmenie-genese-du-vin-et-cuvees-expressives\/"},"wordCount":693,"commentCount":0,"publisher":{"@id":"https:\/\/www.vinhoselection.com\/blog\/#organization"},"keywords":["arm\u00e9nie","d\u00e9gustation","distributeur vins du monde","distributeur vins \u00e9trangers","importateur vins du monde","importateur vins \u00e9trangers","vin","vin arm\u00e9nie","vin arm\u00e9nien","vin du monde","vins du monde","vins \u00e9trangers"],"articleSection":["Tous les articles","Vignobles"],"inLanguage":"fr-FR","potentialAction":[{"@type":"CommentAction","name":"Comment","target":["https:\/\/www.vinhoselection.com\/blog\/2024\/07\/10\/larmenie-genese-du-vin-et-cuvees-expressives\/#respond"]}]},{"@type":"WebPage","@id":"https:\/\/www.vinhoselection.com\/blog\/2024\/07\/10\/larmenie-genese-du-vin-et-cuvees-expressives\/","url":"https:\/\/www.vinhoselection.com\/blog\/2024\/07\/10\/larmenie-genese-du-vin-et-cuvees-expressives\/","name":"Vins d'Arm\u00e9nie : c\u00e9pages autochtones et tradition, vins du monde","isPartOf":{"@id":"https:\/\/www.vinhoselection.com\/blog\/#website"},"datePublished":"2024-07-10T09:23:54+00:00","dateModified":"2024-11-12T20:11:34+00:00","description":"D\u00e9couvrez les vins d'Arm\u00e9nie, berceau de la viticulture : c\u00e9pages autochtones, terroirs d'altitude et cuv\u00e9es expressives, vins du monde.","breadcrumb":{"@id":"https:\/\/www.vinhoselection.com\/blog\/2024\/07\/10\/larmenie-genese-du-vin-et-cuvees-expressives\/#breadcrumb"},"inLanguage":"fr-FR","potentialAction":[{"@type":"ReadAction","target":["https:\/\/www.vinhoselection.com\/blog\/2024\/07\/10\/larmenie-genese-du-vin-et-cuvees-expressives\/"]}]},{"@type":"BreadcrumbList","@id":"https:\/\/www.vinhoselection.com\/blog\/2024\/07\/10\/larmenie-genese-du-vin-et-cuvees-expressives\/#breadcrumb","itemListElement":[{"@type":"ListItem","position":1,"name":"Accueil","item":"https:\/\/www.vinhoselection.com\/blog\/"},{"@type":"ListItem","position":2,"name":"L\u2019Arm\u00e9nie, gen\u00e8se du vin et cuv\u00e9es expressives"}]},{"@type":"WebSite","@id":"https:\/\/www.vinhoselection.com\/blog\/#website","url":"https:\/\/www.vinhoselection.com\/blog\/","name":"Vinho S\u00e9lection - Le Blog","description":"","publisher":{"@id":"https:\/\/www.vinhoselection.com\/blog\/#organization"},"potentialAction":[{"@type":"SearchAction","target":{"@type":"EntryPoint","urlTemplate":"https:\/\/www.vinhoselection.com\/blog\/?s={search_term_string}"},"query-input":"required name=search_term_string"}],"inLanguage":"fr-FR"},{"@type":"Organization","@id":"https:\/\/www.vinhoselection.com\/blog\/#organization","name":"Vinho S\u00e9lection","url":"https:\/\/www.vinhoselection.com\/blog\/","logo":{"@type":"ImageObject","inLanguage":"fr-FR","@id":"https:\/\/www.vinhoselection.com\/blog\/#\/schema\/logo\/image\/","url":"https:\/\/www.vinhoselection.com\/blog\/wp-content\/uploads\/2026\/08\/VinhoSelection_RVB.png","contentUrl":"https:\/\/www.vinhoselection.com\/blog\/wp-content\/uploads\/2026\/08\/VinhoSelection_RVB.png","width":660,"height":86,"caption":"Vinho S\u00e9lection"},"image":{"@id":"https:\/\/www.vinhoselection.com\/blog\/#\/schema\/logo\/image\/"}},{"@type":"Person","@id":"https:\/\/www.vinhoselection.com\/blog\/#\/schema\/person\/005afe6cfad81e36a1b0f78a3e295f2d","name":"Vinho S\u00e9lection","image":{"@type":"ImageObject","inLanguage":"fr-FR","@id":"https:\/\/www.vinhoselection.com\/blog\/#\/schema\/person\/image\/","url":"https:\/\/secure.gravatar.com\/avatar\/3972f99bab68245bb83f2630ef07af25?s=96&d=mm&r=g","contentUrl":"https:\/\/secure.gravatar.com\/avatar\/3972f99bab68245bb83f2630ef07af25?s=96&d=mm&r=g","caption":"Vinho S\u00e9lection"},"sameAs":["https:\/\/www.vinhoselection.com\/blog"],"url":"https:\/\/www.vinhoselection.com\/blog\/author\/18vinhoweb\/"}]}},"_links":{"self":[{"href":"https:\/\/www.vinhoselection.com\/blog\/wp-json\/wp\/v2\/posts\/523"}],"collection":[{"href":"https:\/\/www.vinhoselection.com\/blog\/wp-json\/wp\/v2\/posts"}],"about":[{"href":"https:\/\/www.vinhoselection.com\/blog\/wp-json\/wp\/v2\/types\/post"}],"author":[{"embeddable":true,"href":"https:\/\/www.vinhoselection.com\/blog\/wp-json\/wp\/v2\/users\/1"}],"replies":[{"embeddable":true,"href":"https:\/\/www.vinhoselection.com\/blog\/wp-json\/wp\/v2\/comments?post=523"}],"version-history":[{"count":1,"href":"https:\/\/www.vinhoselection.com\/blog\/wp-json\/wp\/v2\/posts\/523\/revisions"}],"predecessor-version":[{"id":527,"href":"https:\/\/www.vinhoselection.com\/blog\/wp-json\/wp\/v2\/posts\/523\/revisions\/527"}],"wp:featuredmedia":[{"embeddable":true,"href":"https:\/\/www.vinhoselection.com\/blog\/wp-json\/wp\/v2\/media\/524"}],"wp:attachment":[{"href":"https:\/\/www.vinhoselection.com\/blog\/wp-json\/wp\/v2\/media?parent=523"}],"wp:term":[{"taxonomy":"category","embeddable":true,"href":"https:\/\/www.vinhoselection.com\/blog\/wp-json\/wp\/v2\/categories?post=523"},{"taxonomy":"post_tag","embeddable":true,"href":"https:\/\/www.vinhoselection.com\/blog\/wp-json\/wp\/v2\/tags?post=523"}],"curies":[{"name":"wp","href":"https:\/\/api.w.org\/{rel}","templated":true}]}}