{"id":408,"date":"2023-11-23T15:44:38","date_gmt":"2023-11-23T14:44:38","guid":{"rendered":"https:\/\/www.vinhoselection.com\/blog\/?p=408"},"modified":"2024-11-12T21:31:05","modified_gmt":"2024-11-12T20:31:05","slug":"le-tempranillo-une-celebrite-iberique","status":"publish","type":"post","link":"https:\/\/www.vinhoselection.com\/blog\/2023\/11\/23\/le-tempranillo-une-celebrite-iberique\/","title":{"rendered":"Le Tempranillo, une c\u00e9l\u00e9brit\u00e9 ib\u00e9rique"},"content":{"rendered":"\n<p><strong>De la Rioja \u00e0 l\u2019Australie, le Tempranillo a fait voyager sa personnalit\u00e9 unique \u00e0 travers la plan\u00e8te. On l\u2019appelle aussi Aragonez, Tinto del Pais, Tinto Fino ou Tinta Roriz selon les r\u00e9gions o\u00f9 il est cultiv\u00e9. Apprenez tout de ce c\u00e9page passionnant et des vins qu\u2019il fa\u00e7onne.<\/strong><\/p>\n\n\n\n<h2 class=\"wp-block-heading\">Le petit pr\u00e9coce<\/h2>\n\n\n\n<p>Son nom, d\u00e9riv\u00e9 du terme \u00ab&nbsp;temprano&nbsp;\u00bb signifie \u00ab&nbsp;petit pr\u00e9coce&nbsp;\u00bb en r\u00e9f\u00e9rence \u00e0 sa p\u00e9riode de maturit\u00e9. En effet, on le vendange des semaines plus t\u00f4t que la plupart des autres vari\u00e9t\u00e9s rouges espagnoles comme le Grenache. Il serait un croisement naturel entre l\u2019Albillo Mayor et le Benedicto, m\u00eame si certains pensent qu\u2019il provient du Pinot Noir et du Cabernet Franc, et qu\u2019il aurait \u00e9t\u00e9 amen\u00e9 par les p\u00e8lerins de Saint-Jacques-de-Compostelle. Cependant, des \u00e9tudes g\u00e9n\u00e9tiques ont r\u00e9fut\u00e9 cette derni\u00e8re possibilit\u00e9.<\/p>\n\n\n\n<p>Quoi qu\u2019il en soit, il poss\u00e8de une histoire ancienne, les premi\u00e8res traces \u00e9crites de son existence datant de l\u2019\u00e9poque romaine. Cela n\u2019est pas une surprise puisque l\u2019on doit l\u2019installation de la viticulture dans les provinces m\u00e9ridionales de l\u2019Espagne aux Ph\u00e9niciens.<\/p>\n\n\n\n<h2 class=\"wp-block-heading\">Un c\u00e9page implant\u00e9 aux quatre coins du monde<\/h2>\n\n\n\n<p><a href=\"https:\/\/www.vinhoselection.com\/blog\/2023\/10\/12\/lespagne-vins-races-et-bodegas-a-perte-de-vue\/\" data-type=\"link\" data-id=\"https:\/\/www.vinhoselection.com\/blog\/2023\/10\/12\/lespagne-vins-races-et-bodegas-a-perte-de-vue\/\">Originaire d\u2019Espagne<\/a>, donc, il a largement contribu\u00e9 \u00e0 la renomm\u00e9e de ce pays producteur historique, mais aussi \u00e0 une sp\u00e9cialit\u00e9 de l\u2019un de ses voisins, le Porto. C\u2019est notamment \u00e0 lui que l\u2019on attribue le caract\u00e8re des nectars de la Ribera del Duero, mais surtout de la Rioja, r\u00e9gion que l\u2019on consid\u00e8re comme son berceau de naissance. Il appr\u00e9cie tout particuli\u00e8rement les climats chaleureux, ce qui lui a valu de s\u2019exporter avec succ\u00e8s dans le Nouveau Monde. Ne soyez donc pas surpris de le trouver \u00e9galement dans les <a href=\"https:\/\/www.vinhoselection.com\/blog\/2023\/11\/15\/largentine-une-mosaique-de-terroirs-au-service-du-malbec\/\" data-type=\"link\" data-id=\"https:\/\/www.vinhoselection.com\/blog\/2023\/11\/15\/largentine-une-mosaique-de-terroirs-au-service-du-malbec\/\">vignobles d\u2019Argentine<\/a>, du Chili, de l\u2019Australie, de l\u2019Afrique du sud, du Liban, du Maroc, ou encore des \u00c9tats-Unis. Mais soyons plus pr\u00e9cis sur les conditions id\u00e9ales pour le r\u00e9colter \u00e0 maturit\u00e9 optimale.<\/p>\n\n\n\n<figure class=\"wp-block-image size-large\"><img loading=\"lazy\" decoding=\"async\" width=\"1024\" height=\"576\" src=\"https:\/\/www.vinhoselection.com\/blog\/wp-content\/uploads\/2023\/11\/vignoble-rioja-1024x576.jpg\" alt=\"\" class=\"wp-image-409\" srcset=\"https:\/\/www.vinhoselection.com\/blog\/wp-content\/uploads\/2023\/11\/vignoble-rioja-1024x576.jpg 1024w, https:\/\/www.vinhoselection.com\/blog\/wp-content\/uploads\/2023\/11\/vignoble-rioja-300x169.jpg 300w, https:\/\/www.vinhoselection.com\/blog\/wp-content\/uploads\/2023\/11\/vignoble-rioja-768x432.jpg 768w, https:\/\/www.vinhoselection.com\/blog\/wp-content\/uploads\/2023\/11\/vignoble-rioja.jpg 1280w\" sizes=\"(max-width: 1024px) 100vw, 1024px\" \/><figcaption class=\"wp-element-caption\">Vignoble de la Rioja<\/figcaption><\/figure>\n\n\n\n<p>Oui, le Tempranillo s\u2019\u00e9panouit sur des terroirs gorg\u00e9s de soleil. Ses baies de grande taille et juteuses ont une pellicule \u00e9paisse gr\u00e2ce \u00e0 laquelle il se compla\u00eet dans ce type d\u2019environnement. Toutefois, il pr\u00e9f\u00e8re quand les nuits sont fra\u00eeches, l\u2019amplitude thermique \u00e9tant le facteur parfait pour le faire m\u00fbrir. Il aime les sols calcaires et ne supporte pas les s\u00e9cheresses extr\u00eames et longues, m\u00eame si son cycle de vie court lui permet souvent d\u2019y \u00e9chapper. Son autre faiblesse, ce sont les vents violents car ils sont capables de briser ses sarments fragiles.<\/p>\n\n\n\n<h2 class=\"wp-block-heading\">Une palette aromatique marqu\u00e9e par le fruit<\/h2>\n\n\n\n<p>Selon son mode d\u2019\u00e9laboration, il poss\u00e8de de multiples facettes que l\u2019on adore d\u00e9couvrir \u00e0 la d\u00e9gustation. Au c\u0153ur de vins rouges secs, il d\u00e9voile g\u00e9n\u00e9ralement une belle robe d\u2019un rubis profond, qui tend vers des nuances cuivr\u00e9es et orang\u00e9es avec les ann\u00e9es. D\u00e8s les premi\u00e8res inspirations, des notes de fruits rouges et noirs bien m\u00fbrs s\u2019en d\u00e9gagent. La framboise se m\u00eale \u00e0 la prune et \u00e0 la cerise. Et lorsque les temp\u00e9ratures sont \u00e9lev\u00e9es lors de sa culture, il peut donner des fragrances \u00e9pic\u00e9es et torr\u00e9fi\u00e9es. En bouche, c\u2019est sa texture velout\u00e9e qui s\u00e9duit instantan\u00e9ment. Ceux imagin\u00e9s pour \u00eatre bus dans leur jeunesse jouent sur le fruit\u00e9 et la rondeur, quand ceux destin\u00e9s \u00e0 \u00eatre conserv\u00e9s en cave font preuve de concentration et de puissance.<\/p>\n\n\n\n<figure class=\"wp-block-image size-large\"><img loading=\"lazy\" decoding=\"async\" width=\"1024\" height=\"683\" src=\"https:\/\/www.vinhoselection.com\/blog\/wp-content\/uploads\/2023\/11\/vin-rouge-1024x683.jpg\" alt=\"\" class=\"wp-image-411\" srcset=\"https:\/\/www.vinhoselection.com\/blog\/wp-content\/uploads\/2023\/11\/vin-rouge-1024x683.jpg 1024w, https:\/\/www.vinhoselection.com\/blog\/wp-content\/uploads\/2023\/11\/vin-rouge-300x200.jpg 300w, https:\/\/www.vinhoselection.com\/blog\/wp-content\/uploads\/2023\/11\/vin-rouge-768x512.jpg 768w, https:\/\/www.vinhoselection.com\/blog\/wp-content\/uploads\/2023\/11\/vin-rouge.jpg 1280w\" sizes=\"(max-width: 1024px) 100vw, 1024px\" \/><\/figure>\n\n\n\n<p><\/p>\n\n\n\n<p>C\u2019est lorsqu\u2019il entre dans jeu dans les Portos qu\u2019il r\u00e9pond au nom de Tinta Roriz. On l\u2019associe, entre autres, \u00e0 la Touriga Nacional, la Touriga Franca et la Tinta Barroca pour \u00e9laborer cet incontournable vin mut\u00e9. Les fruits rouges confitur\u00e9s rencontrent la r\u00e9sine, le bois et les \u00e9pices. L\u2019ensemble est suave, et port\u00e9 par une superbe structure. Des qualit\u00e9s recherch\u00e9es par les amateurs de vin.<\/p>\n\n\n\n<p class=\"has-text-align-center\"><a href=\"https:\/\/www.vinhoselection.com\/vins\/?region=&amp;appellation=&amp;domaine=&amp;cepage=Tempranillo&amp;order=\"><strong>D\u00e9couvrez nos vins issus du Tempranillo<\/strong><\/a><\/p>\n","protected":false},"excerpt":{"rendered":"<p>De la Rioja \u00e0 l\u2019Australie, le Tempranillo a fait voyager sa personnalit\u00e9 unique \u00e0 travers la plan\u00e8te. On l\u2019appelle aussi Aragonez, Tinto del Pais, Tinto Fino ou Tinta Roriz selon les r\u00e9gions o\u00f9 il est cultiv\u00e9. Apprenez tout de ce c\u00e9page passionnant et des vins qu\u2019il fa\u00e7onne.<\/p>\n","protected":false},"author":1,"featured_media":410,"comment_status":"open","ping_status":"open","sticky":false,"template":"","format":"standard","meta":{"footnotes":""},"categories":[5,39],"tags":[17,72,87,73,88,63,9,70,71],"yoast_head":"<!-- This site is optimized with the Yoast SEO plugin v19.12 - https:\/\/yoast.com\/wordpress\/plugins\/seo\/ -->\n<title>Tempranillo, le c\u00e9page espagnol aux multiples visages<\/title>\n<meta name=\"description\" content=\"D\u00e9couvrez le Tempranillo, c\u00e9page embl\u00e9matique de l\u2019Espagne et du Portugal, qui s\u00e9duit par ses ar\u00f4mes de fruits m\u00fbrs et sa belle structure.\" \/>\n<meta name=\"robots\" content=\"index, follow, max-snippet:-1, max-image-preview:large, max-video-preview:-1\" \/>\n<link rel=\"canonical\" href=\"https:\/\/www.vinhoselection.com\/blog\/2023\/11\/23\/le-tempranillo-une-celebrite-iberique\/\" \/>\n<meta property=\"og:locale\" content=\"fr_FR\" \/>\n<meta property=\"og:type\" content=\"article\" \/>\n<meta property=\"og:title\" content=\"Tempranillo, le c\u00e9page espagnol aux multiples visages\" \/>\n<meta property=\"og:description\" content=\"D\u00e9couvrez le Tempranillo, c\u00e9page embl\u00e9matique de l\u2019Espagne et du Portugal, qui s\u00e9duit par ses ar\u00f4mes de fruits m\u00fbrs et sa belle structure.\" \/>\n<meta property=\"og:url\" content=\"https:\/\/www.vinhoselection.com\/blog\/2023\/11\/23\/le-tempranillo-une-celebrite-iberique\/\" \/>\n<meta property=\"og:site_name\" content=\"Vinho S\u00e9lection - Le Blog\" \/>\n<meta property=\"article:published_time\" content=\"2023-11-23T14:44:38+00:00\" \/>\n<meta property=\"article:modified_time\" content=\"2024-11-12T20:31:05+00:00\" \/>\n<meta property=\"og:image\" content=\"https:\/\/www.vinhoselection.com\/blog\/wp-content\/uploads\/2023\/11\/vignoble-vallee-du-douro.png\" \/>\n\t<meta property=\"og:image:width\" content=\"698\" \/>\n\t<meta property=\"og:image:height\" content=\"440\" \/>\n\t<meta property=\"og:image:type\" content=\"image\/png\" \/>\n<meta name=\"author\" content=\"Vinho S\u00e9lection\" \/>\n<meta name=\"twitter:card\" content=\"summary_large_image\" \/>\n<meta name=\"twitter:label1\" content=\"\u00c9crit par\" \/>\n\t<meta name=\"twitter:data1\" content=\"Vinho S\u00e9lection\" \/>\n\t<meta name=\"twitter:label2\" content=\"Dur\u00e9e de lecture estim\u00e9e\" \/>\n\t<meta name=\"twitter:data2\" content=\"4 minutes\" \/>\n<script type=\"application\/ld+json\" class=\"yoast-schema-graph\">{\"@context\":\"https:\/\/schema.org\",\"@graph\":[{\"@type\":\"Article\",\"@id\":\"https:\/\/www.vinhoselection.com\/blog\/2023\/11\/23\/le-tempranillo-une-celebrite-iberique\/#article\",\"isPartOf\":{\"@id\":\"https:\/\/www.vinhoselection.com\/blog\/2023\/11\/23\/le-tempranillo-une-celebrite-iberique\/\"},\"author\":{\"name\":\"Vinho S\u00e9lection\",\"@id\":\"https:\/\/www.vinhoselection.com\/blog\/#\/schema\/person\/005afe6cfad81e36a1b0f78a3e295f2d\"},\"headline\":\"Le Tempranillo, une c\u00e9l\u00e9brit\u00e9 ib\u00e9rique\",\"datePublished\":\"2023-11-23T14:44:38+00:00\",\"dateModified\":\"2024-11-12T20:31:05+00:00\",\"mainEntityOfPage\":{\"@id\":\"https:\/\/www.vinhoselection.com\/blog\/2023\/11\/23\/le-tempranillo-une-celebrite-iberique\/\"},\"wordCount\":708,\"commentCount\":0,\"publisher\":{\"@id\":\"https:\/\/www.vinhoselection.com\/blog\/#organization\"},\"keywords\":[\"d\u00e9gustation\",\"distributeur vins du monde\",\"distributeur vins \u00e9trangers\",\"importateur vins du monde\",\"importateur vins \u00e9trangers\",\"tempranillo\",\"vin\",\"vins du monde\",\"vins \u00e9trangers\"],\"articleSection\":[\"C\u00e9pages\",\"Tous les articles\"],\"inLanguage\":\"fr-FR\",\"potentialAction\":[{\"@type\":\"CommentAction\",\"name\":\"Comment\",\"target\":[\"https:\/\/www.vinhoselection.com\/blog\/2023\/11\/23\/le-tempranillo-une-celebrite-iberique\/#respond\"]}]},{\"@type\":\"WebPage\",\"@id\":\"https:\/\/www.vinhoselection.com\/blog\/2023\/11\/23\/le-tempranillo-une-celebrite-iberique\/\",\"url\":\"https:\/\/www.vinhoselection.com\/blog\/2023\/11\/23\/le-tempranillo-une-celebrite-iberique\/\",\"name\":\"Tempranillo, le c\u00e9page espagnol aux multiples visages\",\"isPartOf\":{\"@id\":\"https:\/\/www.vinhoselection.com\/blog\/#website\"},\"datePublished\":\"2023-11-23T14:44:38+00:00\",\"dateModified\":\"2024-11-12T20:31:05+00:00\",\"description\":\"D\u00e9couvrez le Tempranillo, c\u00e9page embl\u00e9matique de l\u2019Espagne et du Portugal, qui s\u00e9duit par ses ar\u00f4mes de fruits m\u00fbrs et sa belle structure.\",\"breadcrumb\":{\"@id\":\"https:\/\/www.vinhoselection.com\/blog\/2023\/11\/23\/le-tempranillo-une-celebrite-iberique\/#breadcrumb\"},\"inLanguage\":\"fr-FR\",\"potentialAction\":[{\"@type\":\"ReadAction\",\"target\":[\"https:\/\/www.vinhoselection.com\/blog\/2023\/11\/23\/le-tempranillo-une-celebrite-iberique\/\"]}]},{\"@type\":\"BreadcrumbList\",\"@id\":\"https:\/\/www.vinhoselection.com\/blog\/2023\/11\/23\/le-tempranillo-une-celebrite-iberique\/#breadcrumb\",\"itemListElement\":[{\"@type\":\"ListItem\",\"position\":1,\"name\":\"Accueil\",\"item\":\"https:\/\/www.vinhoselection.com\/blog\/\"},{\"@type\":\"ListItem\",\"position\":2,\"name\":\"Le Tempranillo, une c\u00e9l\u00e9brit\u00e9 ib\u00e9rique\"}]},{\"@type\":\"WebSite\",\"@id\":\"https:\/\/www.vinhoselection.com\/blog\/#website\",\"url\":\"https:\/\/www.vinhoselection.com\/blog\/\",\"name\":\"Vinho S\u00e9lection - Le Blog\",\"description\":\"\",\"publisher\":{\"@id\":\"https:\/\/www.vinhoselection.com\/blog\/#organization\"},\"potentialAction\":[{\"@type\":\"SearchAction\",\"target\":{\"@type\":\"EntryPoint\",\"urlTemplate\":\"https:\/\/www.vinhoselection.com\/blog\/?s={search_term_string}\"},\"query-input\":\"required name=search_term_string\"}],\"inLanguage\":\"fr-FR\"},{\"@type\":\"Organization\",\"@id\":\"https:\/\/www.vinhoselection.com\/blog\/#organization\",\"name\":\"Vinho S\u00e9lection\",\"url\":\"https:\/\/www.vinhoselection.com\/blog\/\",\"logo\":{\"@type\":\"ImageObject\",\"inLanguage\":\"fr-FR\",\"@id\":\"https:\/\/www.vinhoselection.com\/blog\/#\/schema\/logo\/image\/\",\"url\":\"https:\/\/www.vinhoselection.com\/blog\/wp-content\/uploads\/2026\/08\/VinhoSelection_RVB.png\",\"contentUrl\":\"https:\/\/www.vinhoselection.com\/blog\/wp-content\/uploads\/2026\/08\/VinhoSelection_RVB.png\",\"width\":660,\"height\":86,\"caption\":\"Vinho S\u00e9lection\"},\"image\":{\"@id\":\"https:\/\/www.vinhoselection.com\/blog\/#\/schema\/logo\/image\/\"}},{\"@type\":\"Person\",\"@id\":\"https:\/\/www.vinhoselection.com\/blog\/#\/schema\/person\/005afe6cfad81e36a1b0f78a3e295f2d\",\"name\":\"Vinho S\u00e9lection\",\"image\":{\"@type\":\"ImageObject\",\"inLanguage\":\"fr-FR\",\"@id\":\"https:\/\/www.vinhoselection.com\/blog\/#\/schema\/person\/image\/\",\"url\":\"https:\/\/secure.gravatar.com\/avatar\/3972f99bab68245bb83f2630ef07af25?s=96&d=mm&r=g\",\"contentUrl\":\"https:\/\/secure.gravatar.com\/avatar\/3972f99bab68245bb83f2630ef07af25?s=96&d=mm&r=g\",\"caption\":\"Vinho S\u00e9lection\"},\"sameAs\":[\"https:\/\/www.vinhoselection.com\/blog\"],\"url\":\"https:\/\/www.vinhoselection.com\/blog\/author\/18vinhoweb\/\"}]}<\/script>\n<!-- \/ Yoast SEO plugin. -->","yoast_head_json":{"title":"Tempranillo, le c\u00e9page espagnol aux multiples visages","description":"D\u00e9couvrez le Tempranillo, c\u00e9page embl\u00e9matique de l\u2019Espagne et du Portugal, qui s\u00e9duit par ses ar\u00f4mes de fruits m\u00fbrs et sa belle structure.","robots":{"index":"index","follow":"follow","max-snippet":"max-snippet:-1","max-image-preview":"max-image-preview:large","max-video-preview":"max-video-preview:-1"},"canonical":"https:\/\/www.vinhoselection.com\/blog\/2023\/11\/23\/le-tempranillo-une-celebrite-iberique\/","og_locale":"fr_FR","og_type":"article","og_title":"Tempranillo, le c\u00e9page espagnol aux multiples visages","og_description":"D\u00e9couvrez le Tempranillo, c\u00e9page embl\u00e9matique de l\u2019Espagne et du Portugal, qui s\u00e9duit par ses ar\u00f4mes de fruits m\u00fbrs et sa belle structure.","og_url":"https:\/\/www.vinhoselection.com\/blog\/2023\/11\/23\/le-tempranillo-une-celebrite-iberique\/","og_site_name":"Vinho S\u00e9lection - Le Blog","article_published_time":"2023-11-23T14:44:38+00:00","article_modified_time":"2024-11-12T20:31:05+00:00","og_image":[{"width":698,"height":440,"url":"https:\/\/www.vinhoselection.com\/blog\/wp-content\/uploads\/2023\/11\/vignoble-vallee-du-douro.png","type":"image\/png"}],"author":"Vinho S\u00e9lection","twitter_card":"summary_large_image","twitter_misc":{"\u00c9crit par":"Vinho S\u00e9lection","Dur\u00e9e de lecture estim\u00e9e":"4 minutes"},"schema":{"@context":"https:\/\/schema.org","@graph":[{"@type":"Article","@id":"https:\/\/www.vinhoselection.com\/blog\/2023\/11\/23\/le-tempranillo-une-celebrite-iberique\/#article","isPartOf":{"@id":"https:\/\/www.vinhoselection.com\/blog\/2023\/11\/23\/le-tempranillo-une-celebrite-iberique\/"},"author":{"name":"Vinho S\u00e9lection","@id":"https:\/\/www.vinhoselection.com\/blog\/#\/schema\/person\/005afe6cfad81e36a1b0f78a3e295f2d"},"headline":"Le Tempranillo, une c\u00e9l\u00e9brit\u00e9 ib\u00e9rique","datePublished":"2023-11-23T14:44:38+00:00","dateModified":"2024-11-12T20:31:05+00:00","mainEntityOfPage":{"@id":"https:\/\/www.vinhoselection.com\/blog\/2023\/11\/23\/le-tempranillo-une-celebrite-iberique\/"},"wordCount":708,"commentCount":0,"publisher":{"@id":"https:\/\/www.vinhoselection.com\/blog\/#organization"},"keywords":["d\u00e9gustation","distributeur vins du monde","distributeur vins \u00e9trangers","importateur vins du monde","importateur vins \u00e9trangers","tempranillo","vin","vins du monde","vins \u00e9trangers"],"articleSection":["C\u00e9pages","Tous les articles"],"inLanguage":"fr-FR","potentialAction":[{"@type":"CommentAction","name":"Comment","target":["https:\/\/www.vinhoselection.com\/blog\/2023\/11\/23\/le-tempranillo-une-celebrite-iberique\/#respond"]}]},{"@type":"WebPage","@id":"https:\/\/www.vinhoselection.com\/blog\/2023\/11\/23\/le-tempranillo-une-celebrite-iberique\/","url":"https:\/\/www.vinhoselection.com\/blog\/2023\/11\/23\/le-tempranillo-une-celebrite-iberique\/","name":"Tempranillo, le c\u00e9page espagnol aux multiples visages","isPartOf":{"@id":"https:\/\/www.vinhoselection.com\/blog\/#website"},"datePublished":"2023-11-23T14:44:38+00:00","dateModified":"2024-11-12T20:31:05+00:00","description":"D\u00e9couvrez le Tempranillo, c\u00e9page embl\u00e9matique de l\u2019Espagne et du Portugal, qui s\u00e9duit par ses ar\u00f4mes de fruits m\u00fbrs et sa belle structure.","breadcrumb":{"@id":"https:\/\/www.vinhoselection.com\/blog\/2023\/11\/23\/le-tempranillo-une-celebrite-iberique\/#breadcrumb"},"inLanguage":"fr-FR","potentialAction":[{"@type":"ReadAction","target":["https:\/\/www.vinhoselection.com\/blog\/2023\/11\/23\/le-tempranillo-une-celebrite-iberique\/"]}]},{"@type":"BreadcrumbList","@id":"https:\/\/www.vinhoselection.com\/blog\/2023\/11\/23\/le-tempranillo-une-celebrite-iberique\/#breadcrumb","itemListElement":[{"@type":"ListItem","position":1,"name":"Accueil","item":"https:\/\/www.vinhoselection.com\/blog\/"},{"@type":"ListItem","position":2,"name":"Le Tempranillo, une c\u00e9l\u00e9brit\u00e9 ib\u00e9rique"}]},{"@type":"WebSite","@id":"https:\/\/www.vinhoselection.com\/blog\/#website","url":"https:\/\/www.vinhoselection.com\/blog\/","name":"Vinho S\u00e9lection - Le Blog","description":"","publisher":{"@id":"https:\/\/www.vinhoselection.com\/blog\/#organization"},"potentialAction":[{"@type":"SearchAction","target":{"@type":"EntryPoint","urlTemplate":"https:\/\/www.vinhoselection.com\/blog\/?s={search_term_string}"},"query-input":"required name=search_term_string"}],"inLanguage":"fr-FR"},{"@type":"Organization","@id":"https:\/\/www.vinhoselection.com\/blog\/#organization","name":"Vinho S\u00e9lection","url":"https:\/\/www.vinhoselection.com\/blog\/","logo":{"@type":"ImageObject","inLanguage":"fr-FR","@id":"https:\/\/www.vinhoselection.com\/blog\/#\/schema\/logo\/image\/","url":"https:\/\/www.vinhoselection.com\/blog\/wp-content\/uploads\/2026\/08\/VinhoSelection_RVB.png","contentUrl":"https:\/\/www.vinhoselection.com\/blog\/wp-content\/uploads\/2026\/08\/VinhoSelection_RVB.png","width":660,"height":86,"caption":"Vinho S\u00e9lection"},"image":{"@id":"https:\/\/www.vinhoselection.com\/blog\/#\/schema\/logo\/image\/"}},{"@type":"Person","@id":"https:\/\/www.vinhoselection.com\/blog\/#\/schema\/person\/005afe6cfad81e36a1b0f78a3e295f2d","name":"Vinho S\u00e9lection","image":{"@type":"ImageObject","inLanguage":"fr-FR","@id":"https:\/\/www.vinhoselection.com\/blog\/#\/schema\/person\/image\/","url":"https:\/\/secure.gravatar.com\/avatar\/3972f99bab68245bb83f2630ef07af25?s=96&d=mm&r=g","contentUrl":"https:\/\/secure.gravatar.com\/avatar\/3972f99bab68245bb83f2630ef07af25?s=96&d=mm&r=g","caption":"Vinho S\u00e9lection"},"sameAs":["https:\/\/www.vinhoselection.com\/blog"],"url":"https:\/\/www.vinhoselection.com\/blog\/author\/18vinhoweb\/"}]}},"_links":{"self":[{"href":"https:\/\/www.vinhoselection.com\/blog\/wp-json\/wp\/v2\/posts\/408"}],"collection":[{"href":"https:\/\/www.vinhoselection.com\/blog\/wp-json\/wp\/v2\/posts"}],"about":[{"href":"https:\/\/www.vinhoselection.com\/blog\/wp-json\/wp\/v2\/types\/post"}],"author":[{"embeddable":true,"href":"https:\/\/www.vinhoselection.com\/blog\/wp-json\/wp\/v2\/users\/1"}],"replies":[{"embeddable":true,"href":"https:\/\/www.vinhoselection.com\/blog\/wp-json\/wp\/v2\/comments?post=408"}],"version-history":[{"count":2,"href":"https:\/\/www.vinhoselection.com\/blog\/wp-json\/wp\/v2\/posts\/408\/revisions"}],"predecessor-version":[{"id":413,"href":"https:\/\/www.vinhoselection.com\/blog\/wp-json\/wp\/v2\/posts\/408\/revisions\/413"}],"wp:featuredmedia":[{"embeddable":true,"href":"https:\/\/www.vinhoselection.com\/blog\/wp-json\/wp\/v2\/media\/410"}],"wp:attachment":[{"href":"https:\/\/www.vinhoselection.com\/blog\/wp-json\/wp\/v2\/media?parent=408"}],"wp:term":[{"taxonomy":"category","embeddable":true,"href":"https:\/\/www.vinhoselection.com\/blog\/wp-json\/wp\/v2\/categories?post=408"},{"taxonomy":"post_tag","embeddable":true,"href":"https:\/\/www.vinhoselection.com\/blog\/wp-json\/wp\/v2\/tags?post=408"}],"curies":[{"name":"wp","href":"https:\/\/api.w.org\/{rel}","templated":true}]}}