{"id":317,"date":"2023-10-26T16:09:16","date_gmt":"2023-10-26T14:09:16","guid":{"rendered":"https:\/\/www.vinhoselection.com\/blog\/?p=317"},"modified":"2024-11-12T21:33:36","modified_gmt":"2024-11-12T20:33:36","slug":"le-malbec-de-la-france-a-largentine","status":"publish","type":"post","link":"https:\/\/www.vinhoselection.com\/blog\/2023\/10\/26\/le-malbec-de-la-france-a-largentine\/","title":{"rendered":"Le Malbec, de la France \u00e0 l\u2019Argentine"},"content":{"rendered":"\n<p><strong>De Bordeaux \u00e0 Mendoza, il n\u2019y avait qu\u2019un pas que le Malbec a franchi avec brio&nbsp;! Ce c\u00e9page qui r\u00e9pond aussi au nom de cot \u00e9labore des vins cors\u00e9s et color\u00e9s \u00e0 travers la plan\u00e8te. Devenez incollable sur son histoire et les cuv\u00e9es qui en sont issues.<\/strong><\/p>\n\n\n\n<h2 class=\"wp-block-heading\">Terroirs chaleureux et vins noirs<\/h2>\n\n\n\n<p>Si les d\u00e9bats font rage sur ses racines exactes, il serait originaire du Sud-Ouest, ce qui explique sa pr\u00e9sence dans les vignobles de Bordeaux et de Cahors. Mais il a su franchir les fronti\u00e8res fran\u00e7aises avec succ\u00e8s pour devenir incontournable dans un pays lointain, l\u2019Argentine. Et cela depuis bien longtemps puisqu\u2019il y a \u00e9t\u00e9 implant\u00e9 en 1853 par l\u2019ing\u00e9nieur agronome Michel Aim\u00e9 Pouget.<\/p>\n\n\n\n<p>On le reconna\u00eet, en parcourant les vignes, \u00e0 ses baies noires aux reflets bleut\u00e9s. Ce sont elles qui sont responsables de la couleur particuli\u00e8rement profonde de sa robe. Une sp\u00e9cificit\u00e9 qui a valu \u00e0 ses vins le surnom de \u00ab&nbsp;black wines&nbsp;\u00bb alors que les anglais \u00e9taient f\u00e9rus de cuv\u00e9es cadurciennes. Ces flacons en vogue sont pass\u00e9s tr\u00e8s pr\u00e8s de l\u2019extinction \u00e0 la fin du XIXe si\u00e8cle \u00e0 cause du phyllox\u00e9ra, un petit puceron ravageur qui s\u00e9vi dans les vignobles europ\u00e9ens. C\u2019\u00e9tait sans compter sur l\u2019engagement de viticulteurs talentueux qui l\u2019ont fait revenir sur le devant de la sc\u00e8ne.<\/p>\n\n\n<div class=\"wp-block-image\">\n<figure class=\"aligncenter size-full is-resized\"><img loading=\"lazy\" decoding=\"async\" width=\"1024\" height=\"683\" src=\"https:\/\/www.vinhoselection.com\/blog\/wp-content\/uploads\/2023\/10\/black-wine.jpg\" alt=\"black wine\" class=\"wp-image-343\" style=\"aspect-ratio:1.499267935578331;width:650px;height:auto\" srcset=\"https:\/\/www.vinhoselection.com\/blog\/wp-content\/uploads\/2023\/10\/black-wine.jpg 1024w, https:\/\/www.vinhoselection.com\/blog\/wp-content\/uploads\/2023\/10\/black-wine-300x200.jpg 300w, https:\/\/www.vinhoselection.com\/blog\/wp-content\/uploads\/2023\/10\/black-wine-768x512.jpg 768w\" sizes=\"(max-width: 1024px) 100vw, 1024px\" \/><\/figure><\/div>\n\n\n<h2 class=\"wp-block-heading\">Deux personnalit\u00e9s affirm\u00e9es<\/h2>\n\n\n\n<p>Il y a donc deux malbecs, deux expressions r\u00e9put\u00e9es de ce c\u00e9page. Le nouveau monde contre l\u2019ancien monde. L\u2019un est rond, charmeur et fruit\u00e9 quand l\u2019autre est plus rustique et tannique, avec une belle tension. C\u00f4t\u00e9 Sud-Ouest, \u00e0 Cahors ou \u00e0 Bordeaux, vinifi\u00e9 seul ou en assemblage, il d\u00e9voile un bouquet riche en fruits noirs. La m\u00fbre rencontre le cassis et la myrtille. \u00c0 cela s\u2019ajoutent des parfums de fleurs, de v\u00e9g\u00e9tal, de r\u00e9glisse, et parfois m\u00eame de menthol. Une cuv\u00e9e de caract\u00e8re, donc, comme le prouve la suite de la d\u00e9gustation. Selon les producteurs, ils sont capables de souplesse ou de concentration, avec toujours des tanins puissants et une superbe trame acide. De v\u00e9ritables vins de garde, qui gagnent en complexit\u00e9 mais gardent leur fra\u00eecheur avec les ann\u00e9es.<\/p>\n\n\n\n<p class=\"has-text-align-center\"><a href=\"https:\/\/www.vinhoselection.com\/vins\/&amp;c=FR&amp;cepage=Malbec\"><strong>Notre s\u00e9lection de malbecs bordelais<\/strong><\/a><\/p>\n\n\n\n<p>En Argentine, les terres gorg\u00e9es de soleil fa\u00e7onnent des nectars chaleureux. Les fruits noirs et rouges sont confitur\u00e9s au nez. Et on d\u00e9c\u00e8le des notes toast\u00e9es, fum\u00e9es et \u00e9pic\u00e9es, notamment lorsqu\u2019ils b\u00e9n\u00e9ficient d\u2019un \u00e9levage en f\u00fbts. Quelques gorg\u00e9es et on devine tout de suite une maturit\u00e9 exceptionnelle et un haut degr\u00e9 d\u2019alcool. L\u2019ensemble est suave et g\u00e9n\u00e9reux. \u00c0 savourer dans leur jeunesse ou \u00e0 laisser vieillir en cave pour les plus patients.<\/p>\n\n\n\n<p class=\"has-text-align-center\"><a href=\"https:\/\/www.vinhoselection.com\/vins\/&amp;c=AR&amp;cepage=Malbec\"><strong>Notre s\u00e9lection de malbecs argentins<\/strong><\/a><\/p>\n\n\n<div class=\"wp-block-image\">\n<figure class=\"aligncenter size-full is-resized\"><img loading=\"lazy\" decoding=\"async\" width=\"849\" height=\"633\" src=\"https:\/\/www.vinhoselection.com\/blog\/wp-content\/uploads\/2023\/10\/vignoble-mendoza.png\" alt=\"vignoble mendoza\" class=\"wp-image-345\" style=\"aspect-ratio:1.3412322274881516;width:608px;height:auto\" srcset=\"https:\/\/www.vinhoselection.com\/blog\/wp-content\/uploads\/2023\/10\/vignoble-mendoza.png 849w, https:\/\/www.vinhoselection.com\/blog\/wp-content\/uploads\/2023\/10\/vignoble-mendoza-300x224.png 300w, https:\/\/www.vinhoselection.com\/blog\/wp-content\/uploads\/2023\/10\/vignoble-mendoza-768x573.png 768w\" sizes=\"(max-width: 849px) 100vw, 849px\" \/><figcaption class=\"wp-element-caption\">Vignoble de Mendoza<\/figcaption><\/figure><\/div>\n\n\n<p>Notez \u00e9galement que le Malbec n\u2019est pas l\u2019apanage des vins rouges. Il permet d\u2019\u00e9laborer des ros\u00e9s \u00e0 la teinte rubis et \u00e0 la palette aromatique fruit\u00e9e. Fruits rouges frais, tendresse et rondeur au rendez-vous.<\/p>\n\n\n\n<h2 class=\"wp-block-heading\">L\u2019alli\u00e9 des mets de caract\u00e8re<\/h2>\n\n\n\n<p>Vous souhaitez pr\u00e9parer un repas entier accompagn\u00e9 de Malbec&nbsp;? Commencez par un ros\u00e9 charnu avec une belle planche de charcuterie, de pr\u00e9f\u00e9rence du jambon cru et du saucisson. Ou des d\u00e9lices un peu plus travaill\u00e9s, un carpaccio de b\u0153uf par exemple. Puis les rouges font leur entr\u00e9e. Vous aurez alors l\u2019embarras du choix. Vous pourrez ainsi miser sur des viandes mijot\u00e9es, un gigot d\u2019agneau r\u00f4ti au four et fondant, une belle pi\u00e8ce grill\u00e9e comme une c\u00f4te de b\u0153uf. Il est aussi succulent lorsqu\u2019il est mari\u00e9 au canard, qu\u2019il soit en magret ou confit, ou encore avec du gibier. Il sera parfait face aux saveurs fortes du sanglier. Enfin, les becs sucr\u00e9s pourront l\u2019associer au chocolat. Une explosion de sensations de l\u2019entr\u00e9e au dessert.<\/p>\n\n\n\n<p class=\"has-text-align-center\"><a href=\"https:\/\/www.vinhoselection.com\/vins\/?region=&amp;appellation=&amp;domaine=&amp;cepage=Malbec&amp;order=\"><strong>D\u00e9couvrez tous nos vins issus du Malbec<\/strong><\/a><\/p>\n","protected":false},"excerpt":{"rendered":"<p>De Bordeaux \u00e0 Mendoza, il n\u2019y avait qu\u2019un pas que le Malbec a franchi avec brio\u00a0! Ce c\u00e9page qui r\u00e9pond aussi au nom de cot \u00e9labore des vins cors\u00e9s et color\u00e9s \u00e0 travers la plan\u00e8te. Devenez incollable sur son histoire et les cuv\u00e9es qui en sont issues.<\/p>\n","protected":false},"author":1,"featured_media":344,"comment_status":"open","ping_status":"open","sticky":false,"template":"","format":"standard","meta":{"footnotes":""},"categories":[5,39],"tags":[17,72,73,79,9,80,81,10,70,71],"yoast_head":"<!-- This site is optimized with the Yoast SEO plugin v19.12 - https:\/\/yoast.com\/wordpress\/plugins\/seo\/ -->\n<title>Malbec : De la France \u00e0 l\u2019Argentine, c\u00e9page d&#039;exception<\/title>\n<meta name=\"description\" content=\"Du Sud-Ouest \u00e0 Mendoza, d\u00e9couvrez le Malbec, c\u00e9page cors\u00e9 aux notes de fruits noirs et \u00e9pices, id\u00e9al pour les mets de caract\u00e8re.\" \/>\n<meta name=\"robots\" content=\"index, follow, max-snippet:-1, max-image-preview:large, max-video-preview:-1\" \/>\n<link rel=\"canonical\" href=\"https:\/\/www.vinhoselection.com\/blog\/2023\/10\/26\/le-malbec-de-la-france-a-largentine\/\" \/>\n<meta property=\"og:locale\" content=\"fr_FR\" \/>\n<meta property=\"og:type\" content=\"article\" \/>\n<meta property=\"og:title\" content=\"Malbec : De la France \u00e0 l\u2019Argentine, c\u00e9page d&#039;exception\" \/>\n<meta property=\"og:description\" content=\"Du Sud-Ouest \u00e0 Mendoza, d\u00e9couvrez le Malbec, c\u00e9page cors\u00e9 aux notes de fruits noirs et \u00e9pices, id\u00e9al pour les mets de caract\u00e8re.\" \/>\n<meta property=\"og:url\" content=\"https:\/\/www.vinhoselection.com\/blog\/2023\/10\/26\/le-malbec-de-la-france-a-largentine\/\" \/>\n<meta property=\"og:site_name\" content=\"Vinho S\u00e9lection - Le Blog\" \/>\n<meta property=\"article:published_time\" content=\"2023-10-26T14:09:16+00:00\" \/>\n<meta property=\"article:modified_time\" content=\"2024-11-12T20:33:36+00:00\" \/>\n<meta property=\"og:image\" content=\"https:\/\/www.vinhoselection.com\/blog\/wp-content\/uploads\/2023\/10\/vignoble-argentine.jpg\" \/>\n\t<meta property=\"og:image:width\" content=\"1280\" \/>\n\t<meta property=\"og:image:height\" content=\"640\" \/>\n\t<meta property=\"og:image:type\" content=\"image\/jpeg\" \/>\n<meta name=\"author\" content=\"Vinho S\u00e9lection\" \/>\n<meta name=\"twitter:card\" content=\"summary_large_image\" \/>\n<meta name=\"twitter:label1\" content=\"\u00c9crit par\" \/>\n\t<meta name=\"twitter:data1\" content=\"Vinho S\u00e9lection\" \/>\n\t<meta name=\"twitter:label2\" content=\"Dur\u00e9e de lecture estim\u00e9e\" \/>\n\t<meta name=\"twitter:data2\" content=\"3 minutes\" \/>\n<script type=\"application\/ld+json\" class=\"yoast-schema-graph\">{\"@context\":\"https:\/\/schema.org\",\"@graph\":[{\"@type\":\"Article\",\"@id\":\"https:\/\/www.vinhoselection.com\/blog\/2023\/10\/26\/le-malbec-de-la-france-a-largentine\/#article\",\"isPartOf\":{\"@id\":\"https:\/\/www.vinhoselection.com\/blog\/2023\/10\/26\/le-malbec-de-la-france-a-largentine\/\"},\"author\":{\"name\":\"Vinho S\u00e9lection\",\"@id\":\"https:\/\/www.vinhoselection.com\/blog\/#\/schema\/person\/005afe6cfad81e36a1b0f78a3e295f2d\"},\"headline\":\"Le Malbec, de la France \u00e0 l\u2019Argentine\",\"datePublished\":\"2023-10-26T14:09:16+00:00\",\"dateModified\":\"2024-11-12T20:33:36+00:00\",\"mainEntityOfPage\":{\"@id\":\"https:\/\/www.vinhoselection.com\/blog\/2023\/10\/26\/le-malbec-de-la-france-a-largentine\/\"},\"wordCount\":702,\"commentCount\":0,\"publisher\":{\"@id\":\"https:\/\/www.vinhoselection.com\/blog\/#organization\"},\"keywords\":[\"d\u00e9gustation\",\"distributeur vins du monde\",\"importateur vins du monde\",\"malbec\",\"vin\",\"vin argentin\",\"vin bordeaux\",\"vin du monde\",\"vins du monde\",\"vins \u00e9trangers\"],\"articleSection\":[\"C\u00e9pages\",\"Tous les articles\"],\"inLanguage\":\"fr-FR\",\"potentialAction\":[{\"@type\":\"CommentAction\",\"name\":\"Comment\",\"target\":[\"https:\/\/www.vinhoselection.com\/blog\/2023\/10\/26\/le-malbec-de-la-france-a-largentine\/#respond\"]}]},{\"@type\":\"WebPage\",\"@id\":\"https:\/\/www.vinhoselection.com\/blog\/2023\/10\/26\/le-malbec-de-la-france-a-largentine\/\",\"url\":\"https:\/\/www.vinhoselection.com\/blog\/2023\/10\/26\/le-malbec-de-la-france-a-largentine\/\",\"name\":\"Malbec : De la France \u00e0 l\u2019Argentine, c\u00e9page d'exception\",\"isPartOf\":{\"@id\":\"https:\/\/www.vinhoselection.com\/blog\/#website\"},\"datePublished\":\"2023-10-26T14:09:16+00:00\",\"dateModified\":\"2024-11-12T20:33:36+00:00\",\"description\":\"Du Sud-Ouest \u00e0 Mendoza, d\u00e9couvrez le Malbec, c\u00e9page cors\u00e9 aux notes de fruits noirs et \u00e9pices, id\u00e9al pour les mets de caract\u00e8re.\",\"breadcrumb\":{\"@id\":\"https:\/\/www.vinhoselection.com\/blog\/2023\/10\/26\/le-malbec-de-la-france-a-largentine\/#breadcrumb\"},\"inLanguage\":\"fr-FR\",\"potentialAction\":[{\"@type\":\"ReadAction\",\"target\":[\"https:\/\/www.vinhoselection.com\/blog\/2023\/10\/26\/le-malbec-de-la-france-a-largentine\/\"]}]},{\"@type\":\"BreadcrumbList\",\"@id\":\"https:\/\/www.vinhoselection.com\/blog\/2023\/10\/26\/le-malbec-de-la-france-a-largentine\/#breadcrumb\",\"itemListElement\":[{\"@type\":\"ListItem\",\"position\":1,\"name\":\"Accueil\",\"item\":\"https:\/\/www.vinhoselection.com\/blog\/\"},{\"@type\":\"ListItem\",\"position\":2,\"name\":\"Le Malbec, de la France \u00e0 l\u2019Argentine\"}]},{\"@type\":\"WebSite\",\"@id\":\"https:\/\/www.vinhoselection.com\/blog\/#website\",\"url\":\"https:\/\/www.vinhoselection.com\/blog\/\",\"name\":\"Vinho S\u00e9lection - Le Blog\",\"description\":\"\",\"publisher\":{\"@id\":\"https:\/\/www.vinhoselection.com\/blog\/#organization\"},\"potentialAction\":[{\"@type\":\"SearchAction\",\"target\":{\"@type\":\"EntryPoint\",\"urlTemplate\":\"https:\/\/www.vinhoselection.com\/blog\/?s={search_term_string}\"},\"query-input\":\"required name=search_term_string\"}],\"inLanguage\":\"fr-FR\"},{\"@type\":\"Organization\",\"@id\":\"https:\/\/www.vinhoselection.com\/blog\/#organization\",\"name\":\"Vinho S\u00e9lection\",\"url\":\"https:\/\/www.vinhoselection.com\/blog\/\",\"logo\":{\"@type\":\"ImageObject\",\"inLanguage\":\"fr-FR\",\"@id\":\"https:\/\/www.vinhoselection.com\/blog\/#\/schema\/logo\/image\/\",\"url\":\"https:\/\/www.vinhoselection.com\/blog\/wp-content\/uploads\/2026\/08\/VinhoSelection_RVB.png\",\"contentUrl\":\"https:\/\/www.vinhoselection.com\/blog\/wp-content\/uploads\/2026\/08\/VinhoSelection_RVB.png\",\"width\":660,\"height\":86,\"caption\":\"Vinho S\u00e9lection\"},\"image\":{\"@id\":\"https:\/\/www.vinhoselection.com\/blog\/#\/schema\/logo\/image\/\"}},{\"@type\":\"Person\",\"@id\":\"https:\/\/www.vinhoselection.com\/blog\/#\/schema\/person\/005afe6cfad81e36a1b0f78a3e295f2d\",\"name\":\"Vinho S\u00e9lection\",\"image\":{\"@type\":\"ImageObject\",\"inLanguage\":\"fr-FR\",\"@id\":\"https:\/\/www.vinhoselection.com\/blog\/#\/schema\/person\/image\/\",\"url\":\"https:\/\/secure.gravatar.com\/avatar\/3972f99bab68245bb83f2630ef07af25?s=96&d=mm&r=g\",\"contentUrl\":\"https:\/\/secure.gravatar.com\/avatar\/3972f99bab68245bb83f2630ef07af25?s=96&d=mm&r=g\",\"caption\":\"Vinho S\u00e9lection\"},\"sameAs\":[\"https:\/\/www.vinhoselection.com\/blog\"],\"url\":\"https:\/\/www.vinhoselection.com\/blog\/author\/18vinhoweb\/\"}]}<\/script>\n<!-- \/ Yoast SEO plugin. -->","yoast_head_json":{"title":"Malbec : De la France \u00e0 l\u2019Argentine, c\u00e9page d'exception","description":"Du Sud-Ouest \u00e0 Mendoza, d\u00e9couvrez le Malbec, c\u00e9page cors\u00e9 aux notes de fruits noirs et \u00e9pices, id\u00e9al pour les mets de caract\u00e8re.","robots":{"index":"index","follow":"follow","max-snippet":"max-snippet:-1","max-image-preview":"max-image-preview:large","max-video-preview":"max-video-preview:-1"},"canonical":"https:\/\/www.vinhoselection.com\/blog\/2023\/10\/26\/le-malbec-de-la-france-a-largentine\/","og_locale":"fr_FR","og_type":"article","og_title":"Malbec : De la France \u00e0 l\u2019Argentine, c\u00e9page d'exception","og_description":"Du Sud-Ouest \u00e0 Mendoza, d\u00e9couvrez le Malbec, c\u00e9page cors\u00e9 aux notes de fruits noirs et \u00e9pices, id\u00e9al pour les mets de caract\u00e8re.","og_url":"https:\/\/www.vinhoselection.com\/blog\/2023\/10\/26\/le-malbec-de-la-france-a-largentine\/","og_site_name":"Vinho S\u00e9lection - Le Blog","article_published_time":"2023-10-26T14:09:16+00:00","article_modified_time":"2024-11-12T20:33:36+00:00","og_image":[{"width":1280,"height":640,"url":"https:\/\/www.vinhoselection.com\/blog\/wp-content\/uploads\/2023\/10\/vignoble-argentine.jpg","type":"image\/jpeg"}],"author":"Vinho S\u00e9lection","twitter_card":"summary_large_image","twitter_misc":{"\u00c9crit par":"Vinho S\u00e9lection","Dur\u00e9e de lecture estim\u00e9e":"3 minutes"},"schema":{"@context":"https:\/\/schema.org","@graph":[{"@type":"Article","@id":"https:\/\/www.vinhoselection.com\/blog\/2023\/10\/26\/le-malbec-de-la-france-a-largentine\/#article","isPartOf":{"@id":"https:\/\/www.vinhoselection.com\/blog\/2023\/10\/26\/le-malbec-de-la-france-a-largentine\/"},"author":{"name":"Vinho S\u00e9lection","@id":"https:\/\/www.vinhoselection.com\/blog\/#\/schema\/person\/005afe6cfad81e36a1b0f78a3e295f2d"},"headline":"Le Malbec, de la France \u00e0 l\u2019Argentine","datePublished":"2023-10-26T14:09:16+00:00","dateModified":"2024-11-12T20:33:36+00:00","mainEntityOfPage":{"@id":"https:\/\/www.vinhoselection.com\/blog\/2023\/10\/26\/le-malbec-de-la-france-a-largentine\/"},"wordCount":702,"commentCount":0,"publisher":{"@id":"https:\/\/www.vinhoselection.com\/blog\/#organization"},"keywords":["d\u00e9gustation","distributeur vins du monde","importateur vins du monde","malbec","vin","vin argentin","vin bordeaux","vin du monde","vins du monde","vins \u00e9trangers"],"articleSection":["C\u00e9pages","Tous les articles"],"inLanguage":"fr-FR","potentialAction":[{"@type":"CommentAction","name":"Comment","target":["https:\/\/www.vinhoselection.com\/blog\/2023\/10\/26\/le-malbec-de-la-france-a-largentine\/#respond"]}]},{"@type":"WebPage","@id":"https:\/\/www.vinhoselection.com\/blog\/2023\/10\/26\/le-malbec-de-la-france-a-largentine\/","url":"https:\/\/www.vinhoselection.com\/blog\/2023\/10\/26\/le-malbec-de-la-france-a-largentine\/","name":"Malbec : De la France \u00e0 l\u2019Argentine, c\u00e9page d'exception","isPartOf":{"@id":"https:\/\/www.vinhoselection.com\/blog\/#website"},"datePublished":"2023-10-26T14:09:16+00:00","dateModified":"2024-11-12T20:33:36+00:00","description":"Du Sud-Ouest \u00e0 Mendoza, d\u00e9couvrez le Malbec, c\u00e9page cors\u00e9 aux notes de fruits noirs et \u00e9pices, id\u00e9al pour les mets de caract\u00e8re.","breadcrumb":{"@id":"https:\/\/www.vinhoselection.com\/blog\/2023\/10\/26\/le-malbec-de-la-france-a-largentine\/#breadcrumb"},"inLanguage":"fr-FR","potentialAction":[{"@type":"ReadAction","target":["https:\/\/www.vinhoselection.com\/blog\/2023\/10\/26\/le-malbec-de-la-france-a-largentine\/"]}]},{"@type":"BreadcrumbList","@id":"https:\/\/www.vinhoselection.com\/blog\/2023\/10\/26\/le-malbec-de-la-france-a-largentine\/#breadcrumb","itemListElement":[{"@type":"ListItem","position":1,"name":"Accueil","item":"https:\/\/www.vinhoselection.com\/blog\/"},{"@type":"ListItem","position":2,"name":"Le Malbec, de la France \u00e0 l\u2019Argentine"}]},{"@type":"WebSite","@id":"https:\/\/www.vinhoselection.com\/blog\/#website","url":"https:\/\/www.vinhoselection.com\/blog\/","name":"Vinho S\u00e9lection - Le Blog","description":"","publisher":{"@id":"https:\/\/www.vinhoselection.com\/blog\/#organization"},"potentialAction":[{"@type":"SearchAction","target":{"@type":"EntryPoint","urlTemplate":"https:\/\/www.vinhoselection.com\/blog\/?s={search_term_string}"},"query-input":"required name=search_term_string"}],"inLanguage":"fr-FR"},{"@type":"Organization","@id":"https:\/\/www.vinhoselection.com\/blog\/#organization","name":"Vinho S\u00e9lection","url":"https:\/\/www.vinhoselection.com\/blog\/","logo":{"@type":"ImageObject","inLanguage":"fr-FR","@id":"https:\/\/www.vinhoselection.com\/blog\/#\/schema\/logo\/image\/","url":"https:\/\/www.vinhoselection.com\/blog\/wp-content\/uploads\/2026\/08\/VinhoSelection_RVB.png","contentUrl":"https:\/\/www.vinhoselection.com\/blog\/wp-content\/uploads\/2026\/08\/VinhoSelection_RVB.png","width":660,"height":86,"caption":"Vinho S\u00e9lection"},"image":{"@id":"https:\/\/www.vinhoselection.com\/blog\/#\/schema\/logo\/image\/"}},{"@type":"Person","@id":"https:\/\/www.vinhoselection.com\/blog\/#\/schema\/person\/005afe6cfad81e36a1b0f78a3e295f2d","name":"Vinho S\u00e9lection","image":{"@type":"ImageObject","inLanguage":"fr-FR","@id":"https:\/\/www.vinhoselection.com\/blog\/#\/schema\/person\/image\/","url":"https:\/\/secure.gravatar.com\/avatar\/3972f99bab68245bb83f2630ef07af25?s=96&d=mm&r=g","contentUrl":"https:\/\/secure.gravatar.com\/avatar\/3972f99bab68245bb83f2630ef07af25?s=96&d=mm&r=g","caption":"Vinho S\u00e9lection"},"sameAs":["https:\/\/www.vinhoselection.com\/blog"],"url":"https:\/\/www.vinhoselection.com\/blog\/author\/18vinhoweb\/"}]}},"_links":{"self":[{"href":"https:\/\/www.vinhoselection.com\/blog\/wp-json\/wp\/v2\/posts\/317"}],"collection":[{"href":"https:\/\/www.vinhoselection.com\/blog\/wp-json\/wp\/v2\/posts"}],"about":[{"href":"https:\/\/www.vinhoselection.com\/blog\/wp-json\/wp\/v2\/types\/post"}],"author":[{"embeddable":true,"href":"https:\/\/www.vinhoselection.com\/blog\/wp-json\/wp\/v2\/users\/1"}],"replies":[{"embeddable":true,"href":"https:\/\/www.vinhoselection.com\/blog\/wp-json\/wp\/v2\/comments?post=317"}],"version-history":[{"count":9,"href":"https:\/\/www.vinhoselection.com\/blog\/wp-json\/wp\/v2\/posts\/317\/revisions"}],"predecessor-version":[{"id":660,"href":"https:\/\/www.vinhoselection.com\/blog\/wp-json\/wp\/v2\/posts\/317\/revisions\/660"}],"wp:featuredmedia":[{"embeddable":true,"href":"https:\/\/www.vinhoselection.com\/blog\/wp-json\/wp\/v2\/media\/344"}],"wp:attachment":[{"href":"https:\/\/www.vinhoselection.com\/blog\/wp-json\/wp\/v2\/media?parent=317"}],"wp:term":[{"taxonomy":"category","embeddable":true,"href":"https:\/\/www.vinhoselection.com\/blog\/wp-json\/wp\/v2\/categories?post=317"},{"taxonomy":"post_tag","embeddable":true,"href":"https:\/\/www.vinhoselection.com\/blog\/wp-json\/wp\/v2\/tags?post=317"}],"curies":[{"name":"wp","href":"https:\/\/api.w.org\/{rel}","templated":true}]}}